{"id":11180,"date":"2017-02-18T23:28:58","date_gmt":"2017-02-18T21:28:58","guid":{"rendered":"http:\/\/19bis.com\/objectbis\/?p=11180"},"modified":"2017-02-18T23:29:27","modified_gmt":"2017-02-18T21:29:27","slug":"convocatoria-para-el-diseno-y-la-realizacion-del-mobiliario-de-la-feria-libros-mutantes-en-la-casa-encendida","status":"publish","type":"post","link":"https:\/\/19bis.com\/objectbis\/2017\/02\/18\/uncategorized\/convocatoria-para-el-diseno-y-la-realizacion-del-mobiliario-de-la-feria-libros-mutantes-en-la-casa-encendida\/","title":{"rendered":"Convocatoria para el dise\u00f1o y la realizaci\u00f3n del mobiliario de la feria Libros Mutantes en La Casa Encendida"},"content":{"rendered":"<p><img loading=\"lazy\" decoding=\"async\" class=\" wp-image-11181 aligncenter\" src=\"http:\/\/19bis.com\/objectbis\/wp-content\/uploads\/2017\/02\/mueblesdepatio-1-240x300.png\" alt=\"mueblesdepatio-1\" width=\"478\" height=\"598\" srcset=\"https:\/\/19bis.com\/objectbis\/wp-content\/uploads\/2017\/02\/mueblesdepatio-1-240x300.png 240w, https:\/\/19bis.com\/objectbis\/wp-content\/uploads\/2017\/02\/mueblesdepatio-1-768x960.png 768w, https:\/\/19bis.com\/objectbis\/wp-content\/uploads\/2017\/02\/mueblesdepatio-1-819x1024.png 819w, https:\/\/19bis.com\/objectbis\/wp-content\/uploads\/2017\/02\/mueblesdepatio-1-676x845.png 676w, https:\/\/19bis.com\/objectbis\/wp-content\/uploads\/2017\/02\/mueblesdepatio-1-150x188.png 150w, https:\/\/19bis.com\/objectbis\/wp-content\/uploads\/2017\/02\/mueblesdepatio-1.png 1080w\" sizes=\"auto, (max-width: 478px) 100vw, 478px\" \/><br \/>\n<strong>Convocatoria para el dise\u00f1o y realizaci\u00f3n del mobiliario<\/strong><br \/>\nFecha l\u00edmite de entrega de proyectos:<br \/>\n15 de marzo de 2017<br \/>\nFecha de resoluci\u00f3n y adjudicaci\u00f3n:<br \/>\n20 de marzo de 2017<br \/>\n<strong>Instalaci\u00f3n del mobiliario en La Casa Encendida:<\/strong><br \/>\ndel 18 al 20 de abril de 2017<br \/>\nInauguraci\u00f3n de la feria:<br \/>\n21 de abril de 2017 a las 17 h.<br \/>\n<strong>Recogida del mobiliario:<\/strong><br \/>\n23 de abril de 2017 a las 21 h.<br \/>\n<a href=\"http:\/\/librosmutantes.com\/downloads\/Bases_Muebles_de_patio_2017.pdf\">Descarga las bases<\/a><br \/>\n<a href=\"http:\/\/librosmutantes.com\/downloads\/patio_escala.pdf\">Descarga plano del patio a escala<\/a><\/p>\n","protected":false},"excerpt":{"rendered":"<p>Convocatoria para el dise\u00f1o y realizaci\u00f3n del mobiliario Fecha l\u00edmite de entrega de proyectos: 15 de marzo de 2017 Fecha de resoluci\u00f3n y adjudicaci\u00f3n: 20 de marzo de 2017 Instalaci\u00f3n del mobiliario en La Casa Encendida: del 18 al 20 de abril de 2017 Inauguraci\u00f3n de la feria: 21 de abril de 2017 a las [&hellip;]<a href=\"https:\/\/19bis.com\/objectbis\/convocatoria-para-el-diseno-y-la-realizacion-del-mobiliario-de-la-feria-libros-mutantes-en-la-casa-encendida\/\" title=\"Continue reading &laquo;Convocatoria para el dise\u00f1o y la realizaci\u00f3n del mobiliario de la feria Libros Mutantes en La Casa Encendida&raquo;\" class=\"more-link\">Continue reading &laquo;Convocatoria para el dise\u00f1o y la realizaci\u00f3n del mobiliario de la feria Libros Mutantes en La Casa Encendida&raquo;<\/a><\/p>\n","protected":false},"author":2,"featured_media":0,"comment_status":"open","ping_status":"open","sticky":false,"template":"","format":"standard","meta":{"footnotes":""},"categories":[1],"tags":[894,1152,2321,3936],"class_list":["post-11180","post","type-post","status-publish","format-standard","hentry","category-uncategorized","tag-convocatoria","tag-diseno","tag-mobiliario","tag-realizacion","post-preview"],"_links":{"self":[{"href":"https:\/\/19bis.com\/objectbis\/wp-json\/wp\/v2\/posts\/11180","targetHints":{"allow":["GET"]}}],"collection":[{"href":"https:\/\/19bis.com\/objectbis\/wp-json\/wp\/v2\/posts"}],"about":[{"href":"https:\/\/19bis.com\/objectbis\/wp-json\/wp\/v2\/types\/post"}],"author":[{"embeddable":true,"href":"https:\/\/19bis.com\/objectbis\/wp-json\/wp\/v2\/users\/2"}],"replies":[{"embeddable":true,"href":"https:\/\/19bis.com\/objectbis\/wp-json\/wp\/v2\/comments?post=11180"}],"version-history":[{"count":2,"href":"https:\/\/19bis.com\/objectbis\/wp-json\/wp\/v2\/posts\/11180\/revisions"}],"predecessor-version":[{"id":11183,"href":"https:\/\/19bis.com\/objectbis\/wp-json\/wp\/v2\/posts\/11180\/revisions\/11183"}],"wp:attachment":[{"href":"https:\/\/19bis.com\/objectbis\/wp-json\/wp\/v2\/media?parent=11180"}],"wp:term":[{"taxonomy":"category","embeddable":true,"href":"https:\/\/19bis.com\/objectbis\/wp-json\/wp\/v2\/categories?post=11180"},{"taxonomy":"post_tag","embeddable":true,"href":"https:\/\/19bis.com\/objectbis\/wp-json\/wp\/v2\/tags?post=11180"}],"curies":[{"name":"wp","href":"https:\/\/api.w.org\/{rel}","templated":true}]}}