{"id":11235,"date":"2017-06-01T18:31:21","date_gmt":"2017-06-01T16:31:21","guid":{"rendered":"http:\/\/19bis.com\/objectbis\/?p=11235"},"modified":"2017-06-01T18:31:21","modified_gmt":"2017-06-01T16:31:21","slug":"exposicion-granada-recicla-con-arte","status":"publish","type":"post","link":"https:\/\/19bis.com\/objectbis\/2017\/06\/01\/instalaciones-artisticas-eco\/exposicion-granada-recicla-con-arte\/","title":{"rendered":"Exposici\u00f3n Granada Recicla con Arte"},"content":{"rendered":"<p><img loading=\"lazy\" decoding=\"async\" class=\"wp-image-11237 aligncenter\" src=\"http:\/\/19bis.com\/objectbis\/wp-content\/uploads\/2017\/06\/granada-recicla-211x300.jpg\" alt=\"granada-recicla\" width=\"404\" height=\"574\" srcset=\"https:\/\/19bis.com\/objectbis\/wp-content\/uploads\/2017\/06\/granada-recicla-211x300.jpg 211w, https:\/\/19bis.com\/objectbis\/wp-content\/uploads\/2017\/06\/granada-recicla-150x214.jpg 150w, https:\/\/19bis.com\/objectbis\/wp-content\/uploads\/2017\/06\/granada-recicla.jpg 429w\" sizes=\"auto, (max-width: 404px) 100vw, 404px\" \/><\/p>\n<p>Coincidiendo con el D\u00eda Mundial\u00a0del Reciclaje \u2013 declarado por la Organizaci\u00f3n de las Naciones Unidas para la Educaci\u00f3n, la Ciencia y la Culturas (UNESCO) el 17 de mayo \u2013 se inaugura la exposici\u00f3n temporal \u201cGranada Recicla con Arte\u201d con obras del alumnado de La Escuela de Arte de Granada con esculturas de los ciclos formativos del Ciclo Formativo de Grado Superior de T\u00e9cnicas Escult\u00f3ricas y los Ciclos Formativos de Grado Medio de Forja Art\u00edstica y el CFGM Esmaltes, titulada \u2018Granada Recicla con Arte\u2018.<br \/>\n<!--more--><\/p>\n<p>En el D\u00eda Mundial del Reciclaje\u00a0se hace, una vez m\u00e1s, un llamamiento a la sociedad para recordar que a trav\u00e9s de las estrategias de Reducir, Reutilizar y Reciclar, toda la ciudadan\u00eda contribuye a mejorar el medio ambiente.<\/p>\n<p>Se puede visitar desde el martes 17 de mayo al mi\u00e9rcoles 7 de junio de 2017 en el Cuarto Real de Santo Domingo.<\/p>\n<p>Horario de verano<br \/>\nDe 10:00 a 14:00 y de 17:00 a 21:00 horas<\/p>\n<p>La exposici\u00f3n \u2018Granada Recicla con Arte\u2019 est\u00e1 comisariada y organizada por la misma escuela (EAG) e Inagra, respectivamente.<\/p>\n<p>V\u00eda: <a href=\"http:\/\/granadaocio.es\/exposicion-granada-recicla-con-arte\/\">http:\/\/granadaocio.es\/exposicion-granada-recicla-con-arte\/<\/a><\/p>\n","protected":false},"excerpt":{"rendered":"<p>Coincidiendo con el D\u00eda Mundial\u00a0del Reciclaje \u2013 declarado por la Organizaci\u00f3n de las Naciones Unidas para la Educaci\u00f3n, la Ciencia y la Culturas (UNESCO) el 17 de mayo \u2013 se inaugura la exposici\u00f3n temporal \u201cGranada Recicla con Arte\u201d con obras del alumnado de La Escuela de Arte de Granada con esculturas de los ciclos formativos [&hellip;]<a href=\"https:\/\/19bis.com\/objectbis\/exposicion-granada-recicla-con-arte\/\" title=\"Continue reading &laquo;Exposici\u00f3n Granada Recicla con Arte&raquo;\" class=\"more-link\">Continue reading &laquo;Exposici\u00f3n Granada Recicla con Arte&raquo;<\/a><\/p>\n","protected":false},"author":2,"featured_media":0,"comment_status":"open","ping_status":"open","sticky":false,"template":"","format":"standard","meta":{"footnotes":""},"categories":[12],"tags":[3944,1506,2936],"class_list":["post-11235","post","type-post","status-publish","format-standard","hentry","category-instalaciones-artisticas-eco","tag-bichos","tag-exposicion","tag-reciclar","post-preview"],"_links":{"self":[{"href":"https:\/\/19bis.com\/objectbis\/wp-json\/wp\/v2\/posts\/11235","targetHints":{"allow":["GET"]}}],"collection":[{"href":"https:\/\/19bis.com\/objectbis\/wp-json\/wp\/v2\/posts"}],"about":[{"href":"https:\/\/19bis.com\/objectbis\/wp-json\/wp\/v2\/types\/post"}],"author":[{"embeddable":true,"href":"https:\/\/19bis.com\/objectbis\/wp-json\/wp\/v2\/users\/2"}],"replies":[{"embeddable":true,"href":"https:\/\/19bis.com\/objectbis\/wp-json\/wp\/v2\/comments?post=11235"}],"version-history":[{"count":1,"href":"https:\/\/19bis.com\/objectbis\/wp-json\/wp\/v2\/posts\/11235\/revisions"}],"predecessor-version":[{"id":11238,"href":"https:\/\/19bis.com\/objectbis\/wp-json\/wp\/v2\/posts\/11235\/revisions\/11238"}],"wp:attachment":[{"href":"https:\/\/19bis.com\/objectbis\/wp-json\/wp\/v2\/media?parent=11235"}],"wp:term":[{"taxonomy":"category","embeddable":true,"href":"https:\/\/19bis.com\/objectbis\/wp-json\/wp\/v2\/categories?post=11235"},{"taxonomy":"post_tag","embeddable":true,"href":"https:\/\/19bis.com\/objectbis\/wp-json\/wp\/v2\/tags?post=11235"}],"curies":[{"name":"wp","href":"https:\/\/api.w.org\/{rel}","templated":true}]}}