{"id":11326,"date":"2017-11-16T10:35:18","date_gmt":"2017-11-16T08:35:18","guid":{"rendered":"http:\/\/19bis.com\/objectbis\/?p=11326"},"modified":"2017-11-16T10:56:38","modified_gmt":"2017-11-16T08:56:38","slug":"casa-pasiva-grandes-disenos","status":"publish","type":"post","link":"https:\/\/19bis.com\/objectbis\/2017\/11\/16\/arquitectura-ecologica\/casa-pasiva-grandes-disenos\/","title":{"rendered":"Casa Pasiva. Grandes dise\u00f1os"},"content":{"rendered":"<p><img loading=\"lazy\" decoding=\"async\" class=\"aligncenter wp-image-11330 size-large\" src=\"http:\/\/19bis.com\/objectbis\/wp-content\/uploads\/2017\/11\/casa-eco-sub-1-1024x576.jpg\" alt=\"casa-eco-sub-1\" width=\"676\" height=\"380\" srcset=\"https:\/\/19bis.com\/objectbis\/wp-content\/uploads\/2017\/11\/casa-eco-sub-1-1024x576.jpg 1024w, https:\/\/19bis.com\/objectbis\/wp-content\/uploads\/2017\/11\/casa-eco-sub-1-300x169.jpg 300w, https:\/\/19bis.com\/objectbis\/wp-content\/uploads\/2017\/11\/casa-eco-sub-1-768x432.jpg 768w, https:\/\/19bis.com\/objectbis\/wp-content\/uploads\/2017\/11\/casa-eco-sub-1-676x380.jpg 676w, https:\/\/19bis.com\/objectbis\/wp-content\/uploads\/2017\/11\/casa-eco-sub-1-150x84.jpg 150w, https:\/\/19bis.com\/objectbis\/wp-content\/uploads\/2017\/11\/casa-eco-sub-1.jpg 1046w\" sizes=\"auto, (max-width: 676px) 100vw, 676px\" \/><\/p>\n<p style=\"text-align: justify;\">Hoy quiero compartir con vosotros un programa de TV que no me pierdo ni un d\u00eda, <strong><a href=\"http:\/\/www.rtve.es\/alacarta\/videos\/otros-documentales\/otros-documentales-grandes-disenos-8-episodio-2\/4307274\/\">Grandes dise\u00f1os de la 2<\/a><\/strong>. Cada d\u00eda presenta un dise\u00f1o de casa diferente, particularmente pongo especial inter\u00e9s en los m\u00e1s ecol\u00f3gicos.<br \/>\nEspecialmente el que vi ayer me encant\u00f3, en el que una pareja de arquitectos se construyeron la 1\u00aa casa pasiva\u00a0de Inglaterra. Subterranea debajo de un granero en ruinas, al que le dieron una segunda vida sorprendente.<\/p>\n<p style=\"text-align: justify;\"><b>\u00bfQu\u00e9 es una casa pasiva?<\/b><\/p>\n<p>Una casa pasiva (<b>casa<\/b> <strong>herm\u00e9tica <\/strong>no necesitan calefacci\u00f3n)<strong>\u00a0<\/strong> es un tipo de vivienda en la que se utilizan los recursos de la <a title=\"Arquitectura bioclim\u00e1tica\" href=\"https:\/\/es.wikipedia.org\/wiki\/Arquitectura_bioclim%C3%A1tica\">arquitectura bioclim\u00e1tica<\/a> combinados con una eficiencia energ\u00e9tica muy superior a la construcci\u00f3n tradicional. Son casas con un consumo energ\u00e9tico muy bajo y que ofrecen durante todo el a\u00f1o una temperatura ambiente confortable sin la aplicaci\u00f3n de la calefacci\u00f3n convencional.<b><br \/>\n<\/b><\/p>\n<p style=\"text-align: justify;\">Leer m\u00e1s en:\u00a0 <a href=\"https:\/\/es.wikipedia.org\/wiki\/Casa_pasiva\">wikipedia<\/a><\/p>\n","protected":false},"excerpt":{"rendered":"<p>Hoy quiero compartir con vosotros un programa de TV que no me pierdo ni un d\u00eda, Grandes dise\u00f1os de la 2. Cada d\u00eda presenta un dise\u00f1o de casa diferente, particularmente pongo especial inter\u00e9s en los m\u00e1s ecol\u00f3gicos. Especialmente el que vi ayer me encant\u00f3, en el que una pareja de arquitectos se construyeron la 1\u00aa [&hellip;]<a href=\"https:\/\/19bis.com\/objectbis\/casa-pasiva-grandes-disenos\/\" title=\"Continue reading &laquo;Casa Pasiva. Grandes dise\u00f1os&raquo;\" class=\"more-link\">Continue reading &laquo;Casa Pasiva. Grandes dise\u00f1os&raquo;<\/a><\/p>\n","protected":false},"author":2,"featured_media":0,"comment_status":"open","ping_status":"open","sticky":false,"template":"","format":"standard","meta":{"footnotes":""},"categories":[3],"tags":[3954,3955,3509],"class_list":["post-11326","post","type-post","status-publish","format-standard","hentry","category-arquitectura-ecologica","tag-arquitectura-pasiva","tag-bioclimatica","tag-sostenible","post-preview"],"_links":{"self":[{"href":"https:\/\/19bis.com\/objectbis\/wp-json\/wp\/v2\/posts\/11326","targetHints":{"allow":["GET"]}}],"collection":[{"href":"https:\/\/19bis.com\/objectbis\/wp-json\/wp\/v2\/posts"}],"about":[{"href":"https:\/\/19bis.com\/objectbis\/wp-json\/wp\/v2\/types\/post"}],"author":[{"embeddable":true,"href":"https:\/\/19bis.com\/objectbis\/wp-json\/wp\/v2\/users\/2"}],"replies":[{"embeddable":true,"href":"https:\/\/19bis.com\/objectbis\/wp-json\/wp\/v2\/comments?post=11326"}],"version-history":[{"count":15,"href":"https:\/\/19bis.com\/objectbis\/wp-json\/wp\/v2\/posts\/11326\/revisions"}],"predecessor-version":[{"id":11343,"href":"https:\/\/19bis.com\/objectbis\/wp-json\/wp\/v2\/posts\/11326\/revisions\/11343"}],"wp:attachment":[{"href":"https:\/\/19bis.com\/objectbis\/wp-json\/wp\/v2\/media?parent=11326"}],"wp:term":[{"taxonomy":"category","embeddable":true,"href":"https:\/\/19bis.com\/objectbis\/wp-json\/wp\/v2\/categories?post=11326"},{"taxonomy":"post_tag","embeddable":true,"href":"https:\/\/19bis.com\/objectbis\/wp-json\/wp\/v2\/tags?post=11326"}],"curies":[{"name":"wp","href":"https:\/\/api.w.org\/{rel}","templated":true}]}}