{"id":11518,"date":"2018-09-10T17:33:34","date_gmt":"2018-09-10T15:33:34","guid":{"rendered":"http:\/\/19bis.com\/objectbis\/?p=11518"},"modified":"2018-09-10T17:34:05","modified_gmt":"2018-09-10T15:34:05","slug":"facilidades-para-impulsar-la-economia-circular","status":"publish","type":"post","link":"https:\/\/19bis.com\/objectbis\/2018\/09\/10\/eco-noticias\/facilidades-para-impulsar-la-economia-circular\/","title":{"rendered":"Facilidades para impulsar la econom\u00eda circular"},"content":{"rendered":"<div id=\"attachment_11519\" style=\"width: 610px\" class=\"wp-caption aligncenter\"><img loading=\"lazy\" decoding=\"async\" aria-describedby=\"caption-attachment-11519\" class=\"wp-image-11519 size-full\" src=\"http:\/\/19bis.com\/objectbis\/wp-content\/uploads\/2018\/09\/ECONOMIA-CIRCULAR.jpg\" alt=\"ECONOMIA-CIRCULAR\" width=\"600\" height=\"449\" srcset=\"https:\/\/19bis.com\/objectbis\/wp-content\/uploads\/2018\/09\/ECONOMIA-CIRCULAR.jpg 600w, https:\/\/19bis.com\/objectbis\/wp-content\/uploads\/2018\/09\/ECONOMIA-CIRCULAR-300x225.jpg 300w, https:\/\/19bis.com\/objectbis\/wp-content\/uploads\/2018\/09\/ECONOMIA-CIRCULAR-150x112.jpg 150w\" sizes=\"auto, (max-width: 600px) 100vw, 600px\" \/><p id=\"caption-attachment-11519\" class=\"wp-caption-text\">Foto: Aeress.<\/p><\/div>\n<p style=\"text-align: justify;\">La Asociaci\u00f3n Espa\u00f1ola de Recuperadores de Econom\u00eda Social y Solidaria (Aeress) ha pedido aplicar un IVA reducido o nulo en la venta de bienes de segunda mano de art\u00edculos que provengan de la preparaci\u00f3n para la reutilizaci\u00f3n, como uno de los instrumentos econ\u00f3micos que ayudar\u00edan a implementar la econom\u00eda circular. Tambi\u00e9n considera otras medidas com, por ejemplo las deducciones fiscales, para promover especialmente la reutilizaci\u00f3n de productos.<\/p>\n<p><!--more--><\/p>\n<p style=\"text-align: justify;\">Lo dice en un informe que ha realizado junto con el Centro Tecnol\u00f3gico LEITAT, que analiza las\u00a0<strong>repercusiones econ\u00f3micas, sociales y ambientales de la exenci\u00f3n de IVA<\/strong>\u00a0para la venta de art\u00edculos de segunda mano provenientes de la preparaci\u00f3n para la reutilizaci\u00f3n (<strong>textiles, voluminosos y residuos de aparatos el\u00e9ctricos y electr\u00f3nicos<\/strong>) de entidades de Econom\u00eda Social, que trabajan con colectivos en riesgo de exclusi\u00f3n.<\/p>\n<p style=\"text-align: justify;\">Para la elaboraci\u00f3n de este estudio se ha analizado el\u00a0<strong>impacto econ\u00f3mico y social\u00a0<\/strong>que tendr\u00eda la aplicaci\u00f3n de diferentes tipos de IVA (21%, 15%, 10%, 4% y 0%) a las ventas de productos de segunda mano, atendiendo a los objetivos de reutilizaci\u00f3n del Plan Estatal de Gesti\u00f3n de Residuos y al\u00a0<a href=\"https:\/\/ec.europa.eu\/commission\/priorities\/jobs-growth-and-investment\/towards-circular-economy_es\"><strong>Plan de Acci\u00f3n de la Comisi\u00f3n Europea de Econom\u00eda Circular.<\/strong><\/a><\/p>\n<p style=\"text-align: justify;\">Seg\u00fan este informe, la actividad de preparaci\u00f3n para la reutilizaci\u00f3n en Espa\u00f1a supondr\u00eda una disminuci\u00f3n de ingresos para la Agencia Tributaria de 14,8 millones de euros al a\u00f1o en el caso m\u00e1s extremo de eliminaci\u00f3n total del IVA. Una cantidad -dice- que\u00a0<strong>apenas supone un 0,09% de lo que las Administraciones P\u00fablicas gastan actualmente<\/strong>\u00a0en ayudas a la inversi\u00f3n y del conjunto de otros gastos en materia social analizados en el estudio, tales como servicios sociales y promoci\u00f3n social, apoyos a familias e instituciones sin \u00e1nimo de lucro.<\/p>\n<p style=\"text-align: justify;\">Por el contrario, el impacto social que se prev\u00e9 sobre la generaci\u00f3n de empleo y empleo de inserci\u00f3n es muy positivo, ya que se estima que las actividades de preparaci\u00f3n para la reutilizaci\u00f3n para 2020 podr\u00edan suponer\u00a0<strong>la creaci\u00f3n de<\/strong>\u00a0<strong>161.197 puestos de trabajo en Espa\u00f1a<\/strong>, como empleo directo, incluyendo puestos de trabajo cualificados y no cualificados, as\u00ed como puestos de inserci\u00f3n (cercanos al 50%).<\/p>\n<p style=\"text-align: justify;\">Adem\u00e1s, establece que, aun habiendo planteado diferentes escenarios alternativos con diferentes tipos de IVA (15%, 10%, 4%), la opci\u00f3n de\u00a0eliminar el IVA a estos productos que sean realizados por las entidades de econom\u00eda social \u201cse considera\u00a0viable y con costes no significativos\u00a0para los ingresos de la AEAT, frente a unos\u00a0<strong>beneficios muy destacados\u00a0sobre las pol\u00edticas ambientales y sociales<\/strong>. El an\u00e1lisis demuestra la generaci\u00f3n de impactos muy positivos tanto sobre la jerarqu\u00eda de residuos como sobre la creaci\u00f3n de empleo, generando adem\u00e1s empleo de inserci\u00f3n social\u201d.<\/p>\n<p>V\u00eda: 20 minutos<\/p>\n","protected":false},"excerpt":{"rendered":"<p>La Asociaci\u00f3n Espa\u00f1ola de Recuperadores de Econom\u00eda Social y Solidaria (Aeress) ha pedido aplicar un IVA reducido o nulo en la venta de bienes de segunda mano de art\u00edculos que provengan de la preparaci\u00f3n para la reutilizaci\u00f3n, como uno de los instrumentos econ\u00f3micos que ayudar\u00edan a implementar la econom\u00eda circular. Tambi\u00e9n considera otras medidas com, [&hellip;]<a href=\"https:\/\/19bis.com\/objectbis\/facilidades-para-impulsar-la-economia-circular\/\" title=\"Continue reading &laquo;Facilidades para impulsar la econom\u00eda circular&raquo;\" class=\"more-link\">Continue reading &laquo;Facilidades para impulsar la econom\u00eda circular&raquo;<\/a><\/p>\n","protected":false},"author":2,"featured_media":0,"comment_status":"open","ping_status":"open","sticky":false,"template":"","format":"standard","meta":{"footnotes":""},"categories":[10],"tags":[368,3965,3971,3958,3969,4005,3245,3393],"class_list":["post-11518","post","type-post","status-publish","format-standard","hentry","category-eco-noticias","tag-baratos","tag-detalles-invitados","tag-economia-circular","tag-jabones","tag-javefa","tag-regalitos","tag-reutilizacion","tag-segunda-mano","post-preview"],"_links":{"self":[{"href":"https:\/\/19bis.com\/objectbis\/wp-json\/wp\/v2\/posts\/11518","targetHints":{"allow":["GET"]}}],"collection":[{"href":"https:\/\/19bis.com\/objectbis\/wp-json\/wp\/v2\/posts"}],"about":[{"href":"https:\/\/19bis.com\/objectbis\/wp-json\/wp\/v2\/types\/post"}],"author":[{"embeddable":true,"href":"https:\/\/19bis.com\/objectbis\/wp-json\/wp\/v2\/users\/2"}],"replies":[{"embeddable":true,"href":"https:\/\/19bis.com\/objectbis\/wp-json\/wp\/v2\/comments?post=11518"}],"version-history":[{"count":2,"href":"https:\/\/19bis.com\/objectbis\/wp-json\/wp\/v2\/posts\/11518\/revisions"}],"predecessor-version":[{"id":11521,"href":"https:\/\/19bis.com\/objectbis\/wp-json\/wp\/v2\/posts\/11518\/revisions\/11521"}],"wp:attachment":[{"href":"https:\/\/19bis.com\/objectbis\/wp-json\/wp\/v2\/media?parent=11518"}],"wp:term":[{"taxonomy":"category","embeddable":true,"href":"https:\/\/19bis.com\/objectbis\/wp-json\/wp\/v2\/categories?post=11518"},{"taxonomy":"post_tag","embeddable":true,"href":"https:\/\/19bis.com\/objectbis\/wp-json\/wp\/v2\/tags?post=11518"}],"curies":[{"name":"wp","href":"https:\/\/api.w.org\/{rel}","templated":true}]}}