{"id":11857,"date":"2020-03-09T00:33:46","date_gmt":"2020-03-08T22:33:46","guid":{"rendered":"https:\/\/19bis.com\/objectbis\/?p=11857"},"modified":"2020-03-09T00:33:47","modified_gmt":"2020-03-08T22:33:47","slug":"cultivar-nuestras-propias-plantas-y-verduras","status":"publish","type":"post","link":"https:\/\/19bis.com\/objectbis\/2020\/03\/09\/eco-ideas\/cultivar-nuestras-propias-plantas-y-verduras\/","title":{"rendered":"Cultivar nuestras propias plantas y verduras"},"content":{"rendered":"<p><img loading=\"lazy\" decoding=\"async\" class=\"wp-image-11859  aligncenter\" src=\"https:\/\/19bis.com\/objectbis\/wp-content\/uploads\/2020\/03\/jardin-verticales-casa-1024x683.jpg\" alt=\"\" width=\"426\" height=\"284\" srcset=\"https:\/\/19bis.com\/objectbis\/wp-content\/uploads\/2020\/03\/jardin-verticales-casa-1024x683.jpg 1024w, https:\/\/19bis.com\/objectbis\/wp-content\/uploads\/2020\/03\/jardin-verticales-casa-300x200.jpg 300w, https:\/\/19bis.com\/objectbis\/wp-content\/uploads\/2020\/03\/jardin-verticales-casa-768x513.jpg 768w, https:\/\/19bis.com\/objectbis\/wp-content\/uploads\/2020\/03\/jardin-verticales-casa-1536x1025.jpg 1536w, https:\/\/19bis.com\/objectbis\/wp-content\/uploads\/2020\/03\/jardin-verticales-casa-676x451.jpg 676w, https:\/\/19bis.com\/objectbis\/wp-content\/uploads\/2020\/03\/jardin-verticales-casa.jpg 1960w\" sizes=\"auto, (max-width: 426px) 100vw, 426px\" \/><\/p>\n<p>Las tendencias vaticinan que en un futuro no muy lejano los ciudadanos van a <strong>cultivar sus propias plantas y verduras<\/strong> en el hogar o compartir\u00e1n espacios com\u00fanes para plantar sus propios alimentos. De hecho muchos habitantes lo hacen ya aprovechando eficazmente el espacio de sus terrazas, azoteas, jardines&#8230;incluso con invernaderos.<!--more-->Esta pr\u00e1ctica se convertir\u00e1 en algo habitual en las ciudades. Lo ideal ser\u00eda que se pudiera llevar acabo m\u00e1s proyectos de huertos colectivos como <a href=\"https:\/\/www.incredible-edible-todmorden.co.uk\/projects\">es el de <span class=\"st\">Edible, en <strong><em>Todmorden<\/em> <\/strong><\/span><\/a> que consiste en habilitar terrenos p\u00fablicos d\u00f3nde los habitantes puedan trabajar y recolectar su propios vegetales.<br>Aqu\u00ed os dejo algunos dise\u00f1os novedosos de <span class=\"foto-texto\">jard\u00ednes verticales para colocar en casa o en zonas com\u00fanes, Grow Room (imagen arriba) dise\u00f1ado por SPACE 10 <span class=\"foto-firma\"><span class=\"foto-autor\">(c) Ikea.<\/span> <\/span><\/span><\/p>\n<p><img loading=\"lazy\" decoding=\"async\" class=\"alignnone wp-image-11862 size-full\" src=\"https:\/\/19bis.com\/objectbis\/wp-content\/uploads\/2020\/03\/JARDIN-VERTICAL-2.png\" alt=\"\" width=\"827\" height=\"291\" srcset=\"https:\/\/19bis.com\/objectbis\/wp-content\/uploads\/2020\/03\/JARDIN-VERTICAL-2.png 827w, https:\/\/19bis.com\/objectbis\/wp-content\/uploads\/2020\/03\/JARDIN-VERTICAL-2-300x106.png 300w, https:\/\/19bis.com\/objectbis\/wp-content\/uploads\/2020\/03\/JARDIN-VERTICAL-2-768x270.png 768w, https:\/\/19bis.com\/objectbis\/wp-content\/uploads\/2020\/03\/JARDIN-VERTICAL-2-676x238.png 676w\" sizes=\"auto, (max-width: 827px) 100vw, 827px\" \/><\/p>\n<p>V\u00eda: <a href=\"https:\/\/www.planetahuerto.es\/venta-jardin-vertical-plant-scape-blanco_102988?utm_medium=cpc&amp;utm_source=google&amp;utm_campaign=1748442868&amp;utm_term=Gshopping-427500266291&amp;gclid=CjwKCAiAzJLzBRAZEiwAmZb0alY-oCrR8Q5i9v0xgpuvYsYXcSUOWfP01GYKeh4X-f4kQqeRXoVCUBoCclEQAvD_BwE\">planetahuerto<\/a><\/p>\n\n\n<p><\/p>\n","protected":false},"excerpt":{"rendered":"<p>Las tendencias vaticinan que en un futuro no muy lejano los ciudadanos van a cultivar sus propias plantas y verduras en el hogar o compartir\u00e1n espacios com\u00fanes para plantar sus propios alimentos. De hecho muchos habitantes lo hacen ya aprovechando eficazmente el espacio de sus terrazas, azoteas, jardines&#8230;incluso con invernaderos.<a href=\"https:\/\/19bis.com\/objectbis\/cultivar-nuestras-propias-plantas-y-verduras\/\" title=\"Continue reading &laquo;Cultivar nuestras propias plantas y verduras&raquo;\" class=\"more-link\">Continue reading &laquo;Cultivar nuestras propias plantas y verduras&raquo;<\/a><\/p>\n","protected":false},"author":2,"featured_media":0,"comment_status":"open","ping_status":"open","sticky":false,"template":"","format":"standard","meta":{"footnotes":""},"categories":[9,14],"tags":[4065,4068,4069],"class_list":["post-11857","post","type-post","status-publish","format-standard","hentry","category-eco-ideas","category-nuevas-tendencias","tag-cultivo-ecologicos","tag-invernadero","tag-jardin-vertical","post-preview"],"_links":{"self":[{"href":"https:\/\/19bis.com\/objectbis\/wp-json\/wp\/v2\/posts\/11857","targetHints":{"allow":["GET"]}}],"collection":[{"href":"https:\/\/19bis.com\/objectbis\/wp-json\/wp\/v2\/posts"}],"about":[{"href":"https:\/\/19bis.com\/objectbis\/wp-json\/wp\/v2\/types\/post"}],"author":[{"embeddable":true,"href":"https:\/\/19bis.com\/objectbis\/wp-json\/wp\/v2\/users\/2"}],"replies":[{"embeddable":true,"href":"https:\/\/19bis.com\/objectbis\/wp-json\/wp\/v2\/comments?post=11857"}],"version-history":[{"count":7,"href":"https:\/\/19bis.com\/objectbis\/wp-json\/wp\/v2\/posts\/11857\/revisions"}],"predecessor-version":[{"id":11866,"href":"https:\/\/19bis.com\/objectbis\/wp-json\/wp\/v2\/posts\/11857\/revisions\/11866"}],"wp:attachment":[{"href":"https:\/\/19bis.com\/objectbis\/wp-json\/wp\/v2\/media?parent=11857"}],"wp:term":[{"taxonomy":"category","embeddable":true,"href":"https:\/\/19bis.com\/objectbis\/wp-json\/wp\/v2\/categories?post=11857"},{"taxonomy":"post_tag","embeddable":true,"href":"https:\/\/19bis.com\/objectbis\/wp-json\/wp\/v2\/tags?post=11857"}],"curies":[{"name":"wp","href":"https:\/\/api.w.org\/{rel}","templated":true}]}}