{"id":1191,"date":"2009-04-08T00:34:38","date_gmt":"2009-04-07T18:34:38","guid":{"rendered":"http:\/\/19bis.com\/objectbis\/2009\/04\/08\/nuevas-tendencias\/%e2%80%9cpackaged%e2%80%9d-instalacion-temporal-construida-con-carton\/"},"modified":"2009-04-08T00:34:38","modified_gmt":"2009-04-07T18:34:38","slug":"packaged-instalacion-temporal-construida-con-carton","status":"publish","type":"post","link":"https:\/\/19bis.com\/objectbis\/2009\/04\/08\/arquitectura-ecologica\/packaged-instalacion-temporal-construida-con-carton\/","title":{"rendered":"\u201cPACKAGED\u201d INSTALACI\u00d3N TEMPORAL CONSTRUIDA CON CART\u00d3N"},"content":{"rendered":"<p align=\"center\"><a title=\"\u201cPACKAGED\u201d INSTALACI\u00d3N TEMPORAL CONSTRUIDA CON CART\u00d3N\" href=\"http:\/\/19bis.com\/objectbis\/wp-content\/uploads\/2009\/04\/pabellon2.jpg\"><img decoding=\"async\" alt=\"\u201cPACKAGED\u201d INSTALACI\u00d3N TEMPORAL CONSTRUIDA CON CART\u00d3N\" src=\"http:\/\/19bis.com\/objectbis\/wp-content\/uploads\/2009\/04\/pabellon2.thumbnail.jpg\" \/><\/a><\/p>\n<p>\u00abPackaged\u00bb es un pabell\u00f3n temporal construido con cart\u00f3n, pensado para ser instalado en diferentes centros comerciales.<\/p>\n<p align=\"center\"><a title=\"\u201cPACKAGED\u201d INSTALACI\u00d3N TEMPORAL CONSTRUIDA CON CART\u00d3N\" href=\"http:\/\/19bis.com\/objectbis\/wp-content\/uploads\/2009\/04\/pabellon.jpg\"><img decoding=\"async\" alt=\"\u201cPACKAGED\u201d INSTALACI\u00d3N TEMPORAL CONSTRUIDA CON CART\u00d3N\" src=\"http:\/\/19bis.com\/objectbis\/wp-content\/uploads\/2009\/04\/pabellon.thumbnail.jpg\" \/><\/a><\/p>\n<p align=\"justify\">La instalaci\u00f3n reflexiona sobre los objetos envasados para el consumo, de la caja a la tienda y de la tienda al centro comercial que a su vez funciona como un envase de tiendas, en este contexto \u00abPackaged\u00bb funciona como un envase-refugio, que oferta al visitante un espacio desnudo donde reencontrarse con su propia realidad.<!--more--><\/p>\n<p align=\"center\"><a title=\"\u201cPACKAGED\u201d INSTALACI\u00d3N TEMPORAL CONSTRUIDA CON CART\u00d3N\" href=\"http:\/\/19bis.com\/objectbis\/wp-content\/uploads\/2009\/04\/pabellon3.jpg\"><img decoding=\"async\" alt=\"\u201cPACKAGED\u201d INSTALACI\u00d3N TEMPORAL CONSTRUIDA CON CART\u00d3N\" src=\"http:\/\/19bis.com\/objectbis\/wp-content\/uploads\/2009\/04\/pabellon3.thumbnail.jpg\" \/><\/a><\/p>\n<p align=\"center\"><a title=\"\u201cPACKAGED\u201d INSTALACI\u00d3N TEMPORAL CONSTRUIDA CON CART\u00d3N\" href=\"http:\/\/19bis.com\/objectbis\/wp-content\/uploads\/2009\/04\/pabellon4.jpg\"><img decoding=\"async\" alt=\"\u201cPACKAGED\u201d INSTALACI\u00d3N TEMPORAL CONSTRUIDA CON CART\u00d3N\" src=\"http:\/\/19bis.com\/objectbis\/wp-content\/uploads\/2009\/04\/pabellon4.thumbnail.jpg\" \/><\/a><\/p>\n<p align=\"left\">V\u00eda: <a title=\"blog.bellostes\" href=\"http:\/\/blog.bellostes.com\/?p=2361\" target=\"_blank\">blog.bellostes<\/a><a title=\"ORIGAMI BLOG\" href=\"http:\/\/www.origamiblog.com\/miwa-takabayashis-packaged-art\/2008\/08\/07\" target=\"_blank\">origamiblog<\/a><\/p>\n","protected":false},"excerpt":{"rendered":"<p>\u00abPackaged\u00bb es un pabell\u00f3n temporal construido con cart\u00f3n, pensado para ser instalado en diferentes centros comerciales. La instalaci\u00f3n reflexiona sobre los objetos envasados para el consumo, de la caja a la tienda y de la tienda al centro comercial que a su vez funciona como un envase de tiendas, en este contexto \u00abPackaged\u00bb funciona como [&hellip;]<a href=\"https:\/\/19bis.com\/objectbis\/packaged-instalacion-temporal-construida-con-carton\/\" title=\"Continue reading &laquo;\u201cPACKAGED\u201d INSTALACI\u00d3N TEMPORAL CONSTRUIDA CON CART\u00d3N&raquo;\" class=\"more-link\">Continue reading &laquo;\u201cPACKAGED\u201d INSTALACI\u00d3N TEMPORAL CONSTRUIDA CON CART\u00d3N&raquo;<\/a><\/p>\n","protected":false},"author":2,"featured_media":0,"comment_status":"open","ping_status":"open","sticky":false,"template":"","format":"standard","meta":{"footnotes":""},"categories":[3,14],"tags":[229,1051,1172,1261,1290,1914,2243,2564,2565,3658],"class_list":["post-1191","post","type-post","status-publish","format-standard","hentry","category-arquitectura-ecologica","category-nuevas-tendencias","tag-arquitectura-de-carton","tag-decoracion-natural","tag-diseno-ecologico-diseno-verde","tag-eco-friendly","tag-ecodesign","tag-interiorismo","tag-materiales-biodegradable","tag-pabellon-de-carton","tag-pabellon-origami","tag-tienda-ecologica","post-preview"],"_links":{"self":[{"href":"https:\/\/19bis.com\/objectbis\/wp-json\/wp\/v2\/posts\/1191","targetHints":{"allow":["GET"]}}],"collection":[{"href":"https:\/\/19bis.com\/objectbis\/wp-json\/wp\/v2\/posts"}],"about":[{"href":"https:\/\/19bis.com\/objectbis\/wp-json\/wp\/v2\/types\/post"}],"author":[{"embeddable":true,"href":"https:\/\/19bis.com\/objectbis\/wp-json\/wp\/v2\/users\/2"}],"replies":[{"embeddable":true,"href":"https:\/\/19bis.com\/objectbis\/wp-json\/wp\/v2\/comments?post=1191"}],"version-history":[{"count":0,"href":"https:\/\/19bis.com\/objectbis\/wp-json\/wp\/v2\/posts\/1191\/revisions"}],"wp:attachment":[{"href":"https:\/\/19bis.com\/objectbis\/wp-json\/wp\/v2\/media?parent=1191"}],"wp:term":[{"taxonomy":"category","embeddable":true,"href":"https:\/\/19bis.com\/objectbis\/wp-json\/wp\/v2\/categories?post=1191"},{"taxonomy":"post_tag","embeddable":true,"href":"https:\/\/19bis.com\/objectbis\/wp-json\/wp\/v2\/tags?post=1191"}],"curies":[{"name":"wp","href":"https:\/\/api.w.org\/{rel}","templated":true}]}}