{"id":11939,"date":"2021-01-03T12:57:30","date_gmt":"2021-01-03T10:57:30","guid":{"rendered":"https:\/\/19bis.com\/objectbis\/?p=11939"},"modified":"2021-01-03T13:01:17","modified_gmt":"2021-01-03T11:01:17","slug":"2021-debemos-cambiar-el-modelo-de-consumo-insostenible","status":"publish","type":"post","link":"https:\/\/19bis.com\/objectbis\/2021\/01\/03\/uncategorized\/2021-debemos-cambiar-el-modelo-de-consumo-insostenible\/","title":{"rendered":"2021. Debemos cambiar el modelo de consumo insostenible"},"content":{"rendered":"\n<p><\/p>\n\n\n<p><iframe loading=\"lazy\" src=\"https:\/\/www.youtube.com\/embed\/pQReWsZnKdg\" width=\"560\" height=\"315\" frameborder=\"0\" allowfullscreen=\"allowfullscreen\"><\/iframe><\/p>\n<p><em>En este v\u00eddeo puedes comprobar c\u00f3mo funcionan los modelos de consumo lineal y circular en la sociedad de consumo:<\/em><\/p>\n<p>Hoy en d\u00eda las personas tienen a su alcance todo tipo de productos y bienes para satisfacer sus necesidades, desde las m\u00e1s b\u00e1sicas hasta las m\u00e1s sofisticadas. Sin embargo, <strong>este aparente beneficio supone un arma de doble filo<\/strong>, ya que el consumo desmedido por una parte minoritaria de la poblaci\u00f3n mundial est\u00e1 derivando en un <a href=\"http:\/\/www.sostenibilidad.com\/medio-ambiente\/deficit-de-recursos-naturales\/\" data-ajax=\"false\">d\u00e9ficit de recursos<\/a>. Por eso, en los \u00faltimos a\u00f1os se ha hecho necesario estudiar c\u00f3mo consumimos y qu\u00e9 efectos tiene este hecho en el medio ambiente y la sociedad.<!--more-->El modelo de econom\u00eda en la sociedad actual ha venido siendo lineal y se basa en la extracci\u00f3n de materias primas, manufactura y producci\u00f3n, distribuci\u00f3n y compra y, por \u00faltimo, desecho. Veamos las principales problem\u00e1ticas en algunas de estas fases:<\/p>\n<p><strong>Durante la extracci\u00f3n de recursos naturales<\/strong> se obtienen materias primas y energ\u00eda de la naturaleza para producir bienes y servicios. Muchos de estos recursos no son renovables o se regeneran muy lentamente, lo que supone un problema doble: por un lado estamos alternando los ciclos o la capacidad de regeneraci\u00f3n de algunos recursos , como por ejemplo <a href=\"https:\/\/www.sostenibilidad.com\/agua\/conoces-el-ciclo-del-agua\/\" data-ajax=\"false\">el ciclo del agua<\/a>.\u00a0 Y por otro lado estamos produciendo materias primas y energ\u00eda de manera muy contaminante; por ejemplo, con la quema de combustibles f\u00f3siles.<\/p>\n<p>Durante la elaboraci\u00f3n se introducen sustancias qu\u00edmicas perjudiciales que facilitan y aumentan la producci\u00f3n, <strong>se deslocaliza la producci\u00f3n a pa\u00edses en v\u00edas de desarrollo que en muchas ocasiones incumplen m\u00ednimos legales<\/strong> y se generan subproductos contaminantes o t\u00f3xicos.<\/p>\n<h5>Eliminar el coste ambiental y social<\/h5>\n<p>En la producci\u00f3n y distribuci\u00f3n de los productos existe otra problem\u00e1tica: <strong>muchas veces el precio de los productos no refleja su coste ambiental o social real<\/strong> (como los efectos de la contaminaci\u00f3n, o de la mano de obra barata) que afectan a la salud y calidad de vida de las personas. Estos costes ambientales y sociales no repercutidos se conocen como <strong>externalidades negativas<\/strong>.<\/p>\n<p>En la fase de compra, cabe destacar que el crecimiento est\u00e1 basado en la <a href=\"http:\/\/www.sostenibilidad.com\/desarrollo-sostenible\/asi-lucha-contra-obsolescencia-programada\/\" data-ajax=\"false\">obsolescencia programada<\/a>, es decir, <strong>en el consumo recurrente de productos, con una vida \u00fatil cada vez m\u00e1s corta<\/strong>.<\/p>\n<p>Por \u00faltimo, la mayor\u00eda de los productos acaban desechados en vertederos o quemados para su valorizaci\u00f3n energ\u00e9tica. Los <a href=\"http:\/\/www.sostenibilidad.com\/medio-ambiente\/obsolescencia-programada-el-grave-problema-de-la-basura-electronica\/\" data-ajax=\"false\">niveles de basura<\/a> se han duplicado en los \u00faltimos treinta a\u00f1os y su gesti\u00f3n constituye un problema en s\u00ed.<\/p>\n<p><strong>Este modelo de consumo es insostenible a largo plazo<\/strong>. La soluci\u00f3n pasa porque estados, empresas y ciudadanos transformemos la econom\u00eda. Los estados deben incentivar la producci\u00f3n responsable y legislar para que las empresas produzcan de manera respetuosa y acepten las externalidades de sus procesos. <strong>Los consumidores debemos exigir productos responsables y tomar decisiones de compras informadas<\/strong>; y las empresas deben dise\u00f1ar productos de manera responsable y cambiar el modelo lineal de producci\u00f3n hacia uno circular en el que se reparen, reutilicen y aprovechen los productos obsoletos.<\/p>\n<p>Ya hay mucha gente trabajando en una <a href=\"http:\/\/www.sostenibilidad.com\/desarrollo-sostenible\/en-que-consiste-la-economia-circular\/\" data-ajax=\"false\">econom\u00eda circular<\/a>, pero <strong>es necesario continuar innovando para conseguir un planeta m\u00e1s sostenible<\/strong>.<\/p>\n<p>V\u00eda: <a href=\"https:\/\/www.sostenibilidad.com\/desarrollo-sostenible\/sociedad-consumo-impacto-ambiental-planeta\/\">https:\/\/www.sostenibilidad.com\/desarrollo-sostenible\/sociedad-consumo-impacto-ambiental-planeta\/<\/a><\/p>\n<p>\u00a0<\/p>\n\n\n<p><\/p>\n","protected":false},"excerpt":{"rendered":"<p>En este v\u00eddeo puedes comprobar c\u00f3mo funcionan los modelos de consumo lineal y circular en la sociedad de consumo: Hoy en d\u00eda las personas tienen a su alcance todo tipo de productos y bienes para satisfacer sus necesidades, desde las m\u00e1s b\u00e1sicas hasta las m\u00e1s sofisticadas. Sin embargo, este aparente beneficio supone un arma de [&hellip;]<a href=\"https:\/\/19bis.com\/objectbis\/2021-debemos-cambiar-el-modelo-de-consumo-insostenible\/\" title=\"Continue reading &laquo;2021. Debemos cambiar el modelo de consumo insostenible&raquo;\" class=\"more-link\">Continue reading &laquo;2021. Debemos cambiar el modelo de consumo insostenible&raquo;<\/a><\/p>\n","protected":false},"author":2,"featured_media":0,"comment_status":"open","ping_status":"open","sticky":false,"template":"","format":"standard","meta":{"footnotes":""},"categories":[1],"tags":[4086,4085,2521],"class_list":["post-11939","post","type-post","status-publish","format-standard","hentry","category-uncategorized","tag-insostenible","tag-modelo","tag-obsolescencia-programada","post-preview"],"_links":{"self":[{"href":"https:\/\/19bis.com\/objectbis\/wp-json\/wp\/v2\/posts\/11939","targetHints":{"allow":["GET"]}}],"collection":[{"href":"https:\/\/19bis.com\/objectbis\/wp-json\/wp\/v2\/posts"}],"about":[{"href":"https:\/\/19bis.com\/objectbis\/wp-json\/wp\/v2\/types\/post"}],"author":[{"embeddable":true,"href":"https:\/\/19bis.com\/objectbis\/wp-json\/wp\/v2\/users\/2"}],"replies":[{"embeddable":true,"href":"https:\/\/19bis.com\/objectbis\/wp-json\/wp\/v2\/comments?post=11939"}],"version-history":[{"count":6,"href":"https:\/\/19bis.com\/objectbis\/wp-json\/wp\/v2\/posts\/11939\/revisions"}],"predecessor-version":[{"id":11945,"href":"https:\/\/19bis.com\/objectbis\/wp-json\/wp\/v2\/posts\/11939\/revisions\/11945"}],"wp:attachment":[{"href":"https:\/\/19bis.com\/objectbis\/wp-json\/wp\/v2\/media?parent=11939"}],"wp:term":[{"taxonomy":"category","embeddable":true,"href":"https:\/\/19bis.com\/objectbis\/wp-json\/wp\/v2\/categories?post=11939"},{"taxonomy":"post_tag","embeddable":true,"href":"https:\/\/19bis.com\/objectbis\/wp-json\/wp\/v2\/tags?post=11939"}],"curies":[{"name":"wp","href":"https:\/\/api.w.org\/{rel}","templated":true}]}}