{"id":1233,"date":"2009-05-10T01:35:38","date_gmt":"2009-05-09T19:35:38","guid":{"rendered":"http:\/\/19bis.com\/objectbis\/2009\/05\/10\/eco-noticias\/salas-de-conferencias-y-eventos-decoradas-con-material-reciclado-y-reciclable\/"},"modified":"2009-05-10T01:35:38","modified_gmt":"2009-05-09T19:35:38","slug":"salas-de-conferencias-y-eventos-decoradas-con-material-reciclado-y-reciclable","status":"publish","type":"post","link":"https:\/\/19bis.com\/objectbis\/2009\/05\/10\/eco-diseno\/salas-de-conferencias-y-eventos-decoradas-con-material-reciclado-y-reciclable\/","title":{"rendered":"SALAS DE CONFERENCIAS Y EVENTOS DECORADAS CON OBJETOS DE MATERIAL RECICLADO Y RECICLABLE"},"content":{"rendered":"<p><a href=\"http:\/\/19bis.com\/objectbis\/wp-content\/uploads\/2009\/05\/conferencias.jpg\" title=\"SALAS DE CONFERENCIAS Y EVENTOS DECORADAS CON MATERIAL RECICLADO\"><\/a><\/p>\n<p style=\"text-align: center\"><a href=\"http:\/\/19bis.com\/objectbis\/wp-content\/uploads\/2009\/05\/zona-tortona2.jpg\" title=\"SALAS DE CONFERENCIAS Y EVENTOS DECORADAS CON MATERIAL RECICLADO Y RECICLABLE\"><\/a><a href=\"http:\/\/19bis.com\/objectbis\/wp-content\/uploads\/2009\/05\/zona-tortona1.jpg\" title=\"SALAS DE CONFERENCIAS Y EVENTOS DECORADAS CON MATERIAL RECICLADO Y RECICLABLE\"><\/a><a href=\"http:\/\/19bis.com\/objectbis\/wp-content\/uploads\/2009\/05\/zona-tortona2.jpg\" title=\"SALAS DE CONFERENCIAS Y EVENTOS DECORADAS CON MATERIAL RECICLADO Y RECICLABLE\"><\/a><a href=\"http:\/\/19bis.com\/objectbis\/wp-content\/uploads\/2009\/05\/conferencias.jpg\" title=\"SALAS DE CONFERENCIAS Y EVENTOS DECORADAS CON MATERIAL RECICLADO\"><img decoding=\"async\" src=\"http:\/\/19bis.com\/objectbis\/wp-content\/uploads\/2009\/05\/conferencias.thumbnail.jpg\" alt=\"SALAS DE CONFERENCIAS Y EVENTOS DECORADAS CON MATERIAL RECICLADO\" \/><\/a><\/p>\n<p align=\"justify\">Que mejor lugar\u00a0que una sala de conferencias para fomentar \u00a0la reutilizaci\u00f3n de materiales de desecho\u00a0de una forma innovadora.\u00a0Es la pretenci\u00f3n de la dise\u00f1adora Julia de Klerk con las sillas de papel de peri\u00f3dico reciclado.<\/p>\n<p align=\"center\"><a href=\"http:\/\/19bis.com\/objectbis\/wp-content\/uploads\/2009\/05\/zona-tortona2.jpg\" title=\"SALAS DE CONFERENCIAS Y EVENTOS DECORADAS CON MATERIAL RECICLADO Y RECICLABLE\"><img decoding=\"async\" src=\"http:\/\/19bis.com\/objectbis\/wp-content\/uploads\/2009\/05\/zona-tortona2.thumbnail.jpg\" alt=\"SALAS DE CONFERENCIAS Y EVENTOS DECORADAS CON MATERIAL RECICLADO Y RECICLABLE\" \/><\/a>\u00a0<\/p>\n<p align=\"justify\">Este a\u00f1os hemos podido ver en el evento de presentaci\u00f3n de Zona Tortona asientos de latas de pintura. Me pararece una idea genial si esos asientos, que imagino\u00a0los han elaborado para la ocasi\u00f3n, cuando finalicen su vida \u00fatil como taburetes se puedan reutilizar como latas de pinturas, papeleras o para guardar objetos.<!--more--><a href=\"http:\/\/19bis.com\/objectbis\/wp-content\/uploads\/2009\/05\/zona-tortona2.jpg\" title=\"SALAS DE CONFERENCIAS Y EVENTOS DECORADAS CON MATERIAL RECICLADO Y RECICLABLE\"><\/a><\/p>\n<p align=\"center\"><a href=\"http:\/\/19bis.com\/objectbis\/wp-content\/uploads\/2009\/05\/zona-tortona1.jpg\" title=\"SALAS DE CONFERENCIAS Y EVENTOS DECORADAS CON MATERIAL RECICLADO Y RECICLABLE\"><img decoding=\"async\" src=\"http:\/\/19bis.com\/objectbis\/wp-content\/uploads\/2009\/05\/zona-tortona1.thumbnail.jpg\" alt=\"SALAS DE CONFERENCIAS Y EVENTOS DECORADAS CON MATERIAL RECICLADO Y RECICLABLE\" \/><\/a><\/p>\n<p align=\"left\">V\u00eda: <a target=\"_blank\" href=\"http:\/\/www.designspotter.com\/product\/2009\/03\/Paper-Chair.html\" title=\"designspotter\">designspotter<\/a><br \/>\n<a target=\"_blank\" href=\"http:\/\/www.zonatortona.net\/index.html\" title=\"zona tortona\">Zona Tortona<\/a><\/p>\n","protected":false},"excerpt":{"rendered":"<p>Que mejor lugar\u00a0que una sala de conferencias para fomentar \u00a0la reutilizaci\u00f3n de materiales de desecho\u00a0de una forma innovadora.\u00a0Es la pretenci\u00f3n de la dise\u00f1adora Julia de Klerk con las sillas de papel de peri\u00f3dico reciclado. \u00a0 Este a\u00f1os hemos podido ver en el evento de presentaci\u00f3n de Zona Tortona asientos de latas de pintura. Me pararece [&hellip;]<a href=\"https:\/\/19bis.com\/objectbis\/salas-de-conferencias-y-eventos-decoradas-con-material-reciclado-y-reciclable\/\" title=\"Continue reading &laquo;SALAS DE CONFERENCIAS Y EVENTOS DECORADAS CON OBJETOS DE MATERIAL RECICLADO Y RECICLABLE&raquo;\" class=\"more-link\">Continue reading &laquo;SALAS DE CONFERENCIAS Y EVENTOS DECORADAS CON OBJETOS DE MATERIAL RECICLADO Y RECICLABLE&raquo;<\/a><\/p>\n","protected":false},"author":2,"featured_media":0,"comment_status":"open","ping_status":"open","sticky":false,"template":"","format":"standard","meta":{"footnotes":""},"categories":[8,15],"tags":[454,847,1033,1034,1045,1170,1291,1313,1331,1497,1914,3054,3248,3447,3658],"class_list":["post-1233","post","type-post","status-publish","format-standard","hentry","category-eco-diseno","category-objetos-con-2a-vida","tag-blog-ecodiseno","tag-conferencia-decorada-con-material-reciclable","tag-decoracio","tag-decoracion","tag-decoracion-ecologica","tag-diseno-ecologico","tag-ecodesing","tag-ecofriendly","tag-ecologia","tag-eventos-decorados-reciclado","tag-interiorismo","tag-reciclar-papel-de-periodico","tag-reutilizar","tag-silla-reciclada","tag-tienda-ecologica","post-preview"],"_links":{"self":[{"href":"https:\/\/19bis.com\/objectbis\/wp-json\/wp\/v2\/posts\/1233","targetHints":{"allow":["GET"]}}],"collection":[{"href":"https:\/\/19bis.com\/objectbis\/wp-json\/wp\/v2\/posts"}],"about":[{"href":"https:\/\/19bis.com\/objectbis\/wp-json\/wp\/v2\/types\/post"}],"author":[{"embeddable":true,"href":"https:\/\/19bis.com\/objectbis\/wp-json\/wp\/v2\/users\/2"}],"replies":[{"embeddable":true,"href":"https:\/\/19bis.com\/objectbis\/wp-json\/wp\/v2\/comments?post=1233"}],"version-history":[{"count":0,"href":"https:\/\/19bis.com\/objectbis\/wp-json\/wp\/v2\/posts\/1233\/revisions"}],"wp:attachment":[{"href":"https:\/\/19bis.com\/objectbis\/wp-json\/wp\/v2\/media?parent=1233"}],"wp:term":[{"taxonomy":"category","embeddable":true,"href":"https:\/\/19bis.com\/objectbis\/wp-json\/wp\/v2\/categories?post=1233"},{"taxonomy":"post_tag","embeddable":true,"href":"https:\/\/19bis.com\/objectbis\/wp-json\/wp\/v2\/tags?post=1233"}],"curies":[{"name":"wp","href":"https:\/\/api.w.org\/{rel}","templated":true}]}}