{"id":1531,"date":"2009-12-03T22:03:13","date_gmt":"2009-12-03T16:03:13","guid":{"rendered":"http:\/\/19bis.com\/objectbis\/2009\/12\/03\/eco-noticias\/arbol-de-pascua-%e2%80%9cverde%e2%80%9d-funciona-a-pedales-en-copenhague\/"},"modified":"2009-12-03T22:03:13","modified_gmt":"2009-12-03T16:03:13","slug":"arbol-de-pascua-verde-funciona-a-pedales-en-copenhague","status":"publish","type":"post","link":"https:\/\/19bis.com\/objectbis\/2009\/12\/03\/eco-ideas\/arbol-de-pascua-verde-funciona-a-pedales-en-copenhague\/","title":{"rendered":"\u00c1RBOL DE PASCUA \u201cVERDE\u201d FUNCIONA A PEDALES EN COPENHAGUE"},"content":{"rendered":"<p align=\"center\">[youtube 59JYRyzSfz4&amp;feature]<\/p>\n<p align=\"justify\">Los daneses son personas muy preocupadas del medio ambiente, y este a\u00f1o el principal \u00e1rbol navide\u00f1o de Copenhague se enciende de una manera poco tradicional: a pedales.<font face=\"#mce_temp_font#\"> <\/font><\/p>\n<p align=\"justify\">As\u00ed que para que las luces (LED) brillen en la noche, 15 voluntarios deben pedalear para mantener energizadas las 700 ampolletas del \u00e1rbol de 17 metros.<!--more--><\/p>\n<p align=\"justify\">Adem\u00e1s de ser una forma muy \u00abverde\u00bb de celebrar la Navidad, ayudar\u00e1 a algunos a bajar los kilos que traen consigo las galletas, pan de pascua, chocolates y otras cosas ricas que aparecen en estas fechas.<\/p>\n<p align=\"justify\">La iniciativa en realidad tiene que ver tambi\u00e9n con la Conferencia de Naciones Unidas sobre Cambio Clim\u00e1tico, que se realizar\u00e1 en Copenhague entre el 7 y el 18 de Diciembre.<\/p>\n<p align=\"justify\">En esta ciudad se ha potenciado mucho el uso de la bicicleta, con 350 kil\u00f3metros de ciclov\u00edas y un tercio de la poblaci\u00f3n usando este medio como principal transporte.<\/p>\n<p>V\u00eda: <a target=\"_blank\" href=\"fayerwayer.com\" title=\"fayerwayer\">fayerwayer.com<\/a><\/p>\n","protected":false},"excerpt":{"rendered":"<p>[youtube 59JYRyzSfz4&amp;feature] Los daneses son personas muy preocupadas del medio ambiente, y este a\u00f1o el principal \u00e1rbol navide\u00f1o de Copenhague se enciende de una manera poco tradicional: a pedales. As\u00ed que para que las luces (LED) brillen en la noche, 15 voluntarios deben pedalear para mantener energizadas las 700 ampolletas del \u00e1rbol de 17 metros.<a href=\"https:\/\/19bis.com\/objectbis\/arbol-de-pascua-verde-funciona-a-pedales-en-copenhague\/\" title=\"Continue reading &laquo;\u00c1RBOL DE PASCUA \u201cVERDE\u201d FUNCIONA A PEDALES EN COPENHAGUE&raquo;\" class=\"more-link\">Continue reading &laquo;\u00c1RBOL DE PASCUA \u201cVERDE\u201d FUNCIONA A PEDALES EN COPENHAGUE&raquo;<\/a><\/p>\n","protected":false},"author":2,"featured_media":0,"comment_status":"open","ping_status":"open","sticky":false,"template":"","format":"standard","meta":{"footnotes":""},"categories":[9,10],"tags":[311,454,897,1045,1167,1291,1313,1329,1914,2646,2663,3802],"class_list":["post-1531","post","type-post","status-publish","format-standard","hentry","category-eco-ideas","category-eco-noticias","tag-arbol","tag-blog-ecodiseno","tag-copenhague","tag-decoracion-ecologica","tag-diseno-eco","tag-ecodesing","tag-ecofriendly","tag-ecologico","tag-interiorismo","tag-pascua","tag-pedales","tag-verde","post-preview"],"_links":{"self":[{"href":"https:\/\/19bis.com\/objectbis\/wp-json\/wp\/v2\/posts\/1531","targetHints":{"allow":["GET"]}}],"collection":[{"href":"https:\/\/19bis.com\/objectbis\/wp-json\/wp\/v2\/posts"}],"about":[{"href":"https:\/\/19bis.com\/objectbis\/wp-json\/wp\/v2\/types\/post"}],"author":[{"embeddable":true,"href":"https:\/\/19bis.com\/objectbis\/wp-json\/wp\/v2\/users\/2"}],"replies":[{"embeddable":true,"href":"https:\/\/19bis.com\/objectbis\/wp-json\/wp\/v2\/comments?post=1531"}],"version-history":[{"count":0,"href":"https:\/\/19bis.com\/objectbis\/wp-json\/wp\/v2\/posts\/1531\/revisions"}],"wp:attachment":[{"href":"https:\/\/19bis.com\/objectbis\/wp-json\/wp\/v2\/media?parent=1531"}],"wp:term":[{"taxonomy":"category","embeddable":true,"href":"https:\/\/19bis.com\/objectbis\/wp-json\/wp\/v2\/categories?post=1531"},{"taxonomy":"post_tag","embeddable":true,"href":"https:\/\/19bis.com\/objectbis\/wp-json\/wp\/v2\/tags?post=1531"}],"curies":[{"name":"wp","href":"https:\/\/api.w.org\/{rel}","templated":true}]}}