{"id":1735,"date":"2010-04-07T00:24:53","date_gmt":"2010-04-06T18:24:53","guid":{"rendered":"http:\/\/19bis.com\/objectbis\/2010\/04\/07\/uncategorized\/feria-de-diseno-independiente.-nomada-super-market\/"},"modified":"2010-04-07T00:24:53","modified_gmt":"2010-04-06T18:24:53","slug":"feria-de-diseno-independiente-nomada-super-market","status":"publish","type":"post","link":"https:\/\/19bis.com\/objectbis\/2010\/04\/07\/uncategorized\/feria-de-diseno-independiente-nomada-super-market\/","title":{"rendered":"FERIA DE DISE\u00d1O INDEPENDIENTE. N\u00d3MADA SUPER MARKET"},"content":{"rendered":"<p><a href=\"http:\/\/19bis.com\/objectbis\/wp-content\/uploads\/2010\/04\/cartel_big.gif\" title=\"FERIA DE DISE\u00d1O INDEPENDIENTE. N\u00d3MADA SUPER MARKET\"><\/a><a href=\"http:\/\/19bis.com\/objectbis\/wp-content\/uploads\/2010\/04\/cartel_big.gif\" title=\"FERIA DE DISE\u00d1O INDEPENDIENTE. N\u00d3MADA SUPER MARKET\"><\/a><a href=\"http:\/\/19bis.com\/objectbis\/wp-content\/uploads\/2010\/04\/cartel_big.gif\" title=\"FERIA DE DISE\u00d1O INDEPENDIENTE. N\u00d3MADA SUPER MARKET\"><\/a><a href=\"http:\/\/19bis.com\/objectbis\/wp-content\/uploads\/2010\/04\/cartel_big.gif\" title=\"FERIA DE DISE\u00d1O INDEPENDIENTE. N\u00d3MADA SUPER MARKET\"><\/a><a href=\"http:\/\/19bis.com\/objectbis\/wp-content\/uploads\/2010\/04\/cartel_big.gif\" title=\"FERIA DE DISE\u00d1O INDEPENDIENTE. N\u00d3MADA SUPER MARKET\"><\/a><\/p>\n<p style=\"text-align: center\"><img decoding=\"async\" src=\"http:\/\/19bis.com\/objectbis\/wp-content\/uploads\/2010\/04\/cartel_big.thumbnail.gif\" alt=\"FERIA DE DISE\u00d1O INDEPENDIENTE. N\u00d3MADA SUPER MARKET\" \/><\/p>\n<p align=\"justify\">La feria de dise\u00f1o independiente m\u00e1s importante de Madrid regresa en una nueva edici\u00f3n llena de novedades y sorpresas.<\/p>\n<p align=\"justify\">Tras el \u00e9xito de sus dos ediciones anteriores <a target=\"_blank\" href=\"http:\/\/www.nomadamarket.com\" title=\"nomadas supermarket\"><strong>N\u00f3mada SUPER Market<\/strong> <\/a>reabre sus puertas en abril para continuar apostando por lo mejor del dise\u00f1o independiente de nuestro pa\u00eds. Una vez m\u00e1s la feria tendr\u00e1 lugar en Escaparate Atocha 24, un magn\u00edfico local de m\u00e1s de 1.000 m2 distribuidos en dos plantas cercano a la Puerta del Sol y la Plaza Mayor.<!--more--><\/p>\n<p align=\"justify\">Gracias a N\u00f3mada SUPER Market, el centro de Madrid se transforma durante tres d\u00edas en una fiesta en la que conviven la moda, el dise\u00f1o, la m\u00fasica, el ocio y la cultura.<\/p>\n<p align=\"justify\">La cita ser\u00e1 desde el viernes 9 de abril hasta el domingo 11 en un horario continuado de 12h a 22h (el domingo hasta las 20 hs.) M\u00e1s de 150 dise\u00f1adores independientes expondr\u00e1n y vender\u00e1n al p\u00fablico sus creaciones originales a precios asequibles, podremos ver\u00a0las novedades de la dise\u00f1adora <a target=\"_blank\" href=\"http:\/\/19bis.com\/objectbis\/2008\/11\/13\/objetos-con-2%C2%AA-vida\/bolsos-y-complementos-de-moda-elaborados-con-bolsas-de-plastico-y-material-de-desecho.-tecnicas-tradicionales-ganchillo\/\" title=\"raquel moreno\"><strong>Raquel Moreno<\/strong><\/a>, art\u00edculos\u00a0realizados con\u00a0gomas de carpeta, fregona, tocado+bolso, manguera, ropa+perchas, cables&#8230;<\/p>\n<p align=\"justify\">El escenario central chill out cobrar\u00e1 en esta edici\u00f3n una mayor importancia ofreciendo una interesant\u00edsima programaci\u00f3n de actuaciones musicales, desfiles, performances, talleres y diversas actividades a lo largo de los tres d\u00edas de feria.<\/p>\n<p align=\"justify\">Adem\u00e1s, en esta edici\u00f3n contaremos con la divina presencia de la \u00abPatrona de los dise\u00f1adores independientes\u00bb, una iniciativa surgida en Facebook como fruto del gran impacto social que ha producido el N\u00f3mada Market dentro y fuera del mundo del dise\u00f1o independiente.<\/p>\n<p align=\"justify\">Escaparate Atocha 24 se convertir\u00e1 pr\u00f3ximamente en un innovador espacio comercial con 30 locales destinados a tiendas de moda, calzado, complementos, peluquer\u00eda, tatuajes, tendencias urbanas&#8230; Adem\u00e1s de un espacio multicultural en la planta s\u00f3tano donde se acoger\u00e1n exposiciones temporales, m\u00fasica en vivo, presentaciones y eventos.<\/p>\n<p align=\"justify\">&nbsp;<\/p>\n","protected":false},"excerpt":{"rendered":"<p>La feria de dise\u00f1o independiente m\u00e1s importante de Madrid regresa en una nueva edici\u00f3n llena de novedades y sorpresas. Tras el \u00e9xito de sus dos ediciones anteriores N\u00f3mada SUPER Market reabre sus puertas en abril para continuar apostando por lo mejor del dise\u00f1o independiente de nuestro pa\u00eds. Una vez m\u00e1s la feria tendr\u00e1 lugar en [&hellip;]<a href=\"https:\/\/19bis.com\/objectbis\/feria-de-diseno-independiente-nomada-super-market\/\" title=\"Continue reading &laquo;FERIA DE DISE\u00d1O INDEPENDIENTE. N\u00d3MADA SUPER MARKET&raquo;\" class=\"more-link\">Continue reading &laquo;FERIA DE DISE\u00d1O INDEPENDIENTE. N\u00d3MADA SUPER MARKET&raquo;<\/a><\/p>\n","protected":false},"author":2,"featured_media":0,"comment_status":"open","ping_status":"open","sticky":false,"template":"","format":"standard","meta":{"footnotes":""},"categories":[1],"tags":[1045,1170,1197,1261,1291,1300,1551,1716,1914,2456,3070,3248,3541,3717],"class_list":["post-1735","post","type-post","status-publish","format-standard","hentry","category-uncategorized","tag-decoracion-ecologica","tag-diseno-ecologico","tag-diseno-independiente","tag-eco-friendly","tag-ecodesing","tag-ecodiseno","tag-feria","tag-green","tag-interiorismo","tag-nomada-super-market","tag-reciclar-reutilizar","tag-reutilizar","tag-sustentable","tag-trasnformar","post-preview"],"_links":{"self":[{"href":"https:\/\/19bis.com\/objectbis\/wp-json\/wp\/v2\/posts\/1735","targetHints":{"allow":["GET"]}}],"collection":[{"href":"https:\/\/19bis.com\/objectbis\/wp-json\/wp\/v2\/posts"}],"about":[{"href":"https:\/\/19bis.com\/objectbis\/wp-json\/wp\/v2\/types\/post"}],"author":[{"embeddable":true,"href":"https:\/\/19bis.com\/objectbis\/wp-json\/wp\/v2\/users\/2"}],"replies":[{"embeddable":true,"href":"https:\/\/19bis.com\/objectbis\/wp-json\/wp\/v2\/comments?post=1735"}],"version-history":[{"count":0,"href":"https:\/\/19bis.com\/objectbis\/wp-json\/wp\/v2\/posts\/1735\/revisions"}],"wp:attachment":[{"href":"https:\/\/19bis.com\/objectbis\/wp-json\/wp\/v2\/media?parent=1735"}],"wp:term":[{"taxonomy":"category","embeddable":true,"href":"https:\/\/19bis.com\/objectbis\/wp-json\/wp\/v2\/categories?post=1735"},{"taxonomy":"post_tag","embeddable":true,"href":"https:\/\/19bis.com\/objectbis\/wp-json\/wp\/v2\/tags?post=1735"}],"curies":[{"name":"wp","href":"https:\/\/api.w.org\/{rel}","templated":true}]}}