{"id":1737,"date":"2010-04-08T22:54:06","date_gmt":"2010-04-08T16:54:06","guid":{"rendered":"http:\/\/19bis.com\/objectbis\/2010\/04\/08\/objetos-con-2%c2%aa-vida\/reutilizar-los-objetos-de-casa-para-realizar-lamparas-flexo\/"},"modified":"2010-04-08T22:54:06","modified_gmt":"2010-04-08T16:54:06","slug":"reutilizar-los-objetos-de-casa-para-realizar-lamparas-flexo","status":"publish","type":"post","link":"https:\/\/19bis.com\/objectbis\/2010\/04\/08\/eco-ideas\/reutilizar-los-objetos-de-casa-para-realizar-lamparas-flexo\/","title":{"rendered":"REUTILIZAR LOS OBJETOS DE CASA PARA REALIZAR L\u00c1MPARAS FLEXO"},"content":{"rendered":"<p><a href=\"http:\/\/19bis.com\/objectbis\/wp-content\/uploads\/2010\/04\/marie01.jpg\" title=\"AVANCE, SEMANA DEL DISE\u00d1O DE MIL\u00c1N 2010. REUTILIZAR LOS OBJETOS COTIDIANOS\"><\/a><a href=\"http:\/\/19bis.com\/objectbis\/wp-content\/uploads\/2010\/04\/marie01.jpg\" title=\"AVANCE, SEMANA DEL DISE\u00d1O DE MIL\u00c1N 2010. REUTILIZAR LOS OBJETOS COTIDIANOS\"><\/a><a href=\"http:\/\/19bis.com\/objectbis\/wp-content\/uploads\/2010\/04\/marie01.jpg\" title=\"AVANCE, SEMANA DEL DISE\u00d1O DE MIL\u00c1N 2010. REUTILIZAR LOS OBJETOS COTIDIANOS\"><\/a><a href=\"http:\/\/19bis.com\/objectbis\/wp-content\/uploads\/2010\/04\/marie01.jpg\" title=\"AVANCE, SEMANA DEL DISE\u00d1O DE MIL\u00c1N 2010. REUTILIZAR LOS OBJETOS COTIDIANOS\"><\/a><a href=\"http:\/\/19bis.com\/objectbis\/wp-content\/uploads\/2010\/04\/marie01.jpg\" title=\"AVANCE, SEMANA DEL DISE\u00d1O DE MIL\u00c1N 2010. REUTILIZAR LOS OBJETOS COTIDIANOS\"><\/p>\n<p style=\"text-align: center\"><img decoding=\"async\" src=\"http:\/\/19bis.com\/objectbis\/wp-content\/uploads\/2010\/04\/marie01.thumbnail.jpg\" alt=\"AVANCE, SEMANA DEL DISE\u00d1O DE MIL\u00c1N 2010. REUTILIZAR LOS OBJETOS COTIDIANOS\" \/><\/p>\n<p><\/a><\/p>\n<p align=\"justify\">El estudio de dise\u00f1o franc\u00e9s <a target=\"_blank\" href=\"http:\/\/www.cinqcinqdesigners.com\/\" title=\"5.5 designers\">5.5 designers<\/a> presentar\u00e1 \u00abObjetos de cocina\u00bb en la <a target=\"_blank\" href=\"http:\/\/www.gallerialuisadellepiane.it\/\" title=\"gallerialuisadellepiane\">Galeria Luisa della piane<\/a>\u00a0durante la Semana del dise\u00f1o de milan 2010. \u00abObjets d&#8217;cocina\u00bb es un dise\u00f1o de bricolaje \u00abuna receta\u00bb. <!--more-->Los ingredientes para este concepto de iluminaci\u00f3n son objetos que se tienen\u00a0en casa, como una cafetera, un jarr\u00f3n, recipientes de pl\u00e1stico herm\u00e9ticos como\u00a0base, el cemento, una rama, palo largo robusto y un clip de\u00a0luz.<br \/>\nTodo lo que hay que hacer es mezclar cemento, se vierte en un vaso seleccionados de la cocina que ya no\u00a0se\u00a0necesita,\u00a0<br \/>\nclavar el palo en su interior. Una vez que se solidifique, conectar el clip de la l\u00e1mpara y su \u00abObjets d&#8217;cocina\u00bbse ha completado.<\/p>\n<p align=\"justify\">V\u00eda: <a target=\"_blank\" href=\"http:\/\/www.designboom.com\/weblog\/cat\/8\/view\/9757\/55-designers-cuisine-dobjets.html\" title=\"desingboom\">desingboom<\/a><\/p>\n","protected":false},"excerpt":{"rendered":"<p>El estudio de dise\u00f1o franc\u00e9s 5.5 designers presentar\u00e1 \u00abObjetos de cocina\u00bb en la Galeria Luisa della piane\u00a0durante la Semana del dise\u00f1o de milan 2010. \u00abObjets d&#8217;cocina\u00bb es un dise\u00f1o de bricolaje \u00abuna receta\u00bb.<a href=\"https:\/\/19bis.com\/objectbis\/reutilizar-los-objetos-de-casa-para-realizar-lamparas-flexo\/\" title=\"Continue reading &laquo;REUTILIZAR LOS OBJETOS DE CASA PARA REALIZAR L\u00c1MPARAS FLEXO&raquo;\" class=\"more-link\">Continue reading &laquo;REUTILIZAR LOS OBJETOS DE CASA PARA REALIZAR L\u00c1MPARAS FLEXO&raquo;<\/a><\/p>\n","protected":false},"author":2,"featured_media":0,"comment_status":"open","ping_status":"open","sticky":false,"template":"","format":"standard","meta":{"footnotes":""},"categories":[9,12,15],"tags":[1045,1167,1183,1300,1313,1914,2506,2936,3248,3541],"class_list":["post-1737","post","type-post","status-publish","format-standard","hentry","category-eco-ideas","category-instalaciones-artisticas-eco","category-objetos-con-2a-vida","tag-decoracion-ecologica","tag-diseno-eco","tag-diseno-verde","tag-ecodiseno","tag-ecofriendly","tag-interiorismo","tag-objetos-consegunda-vida","tag-reciclar","tag-reutilizar","tag-sustentable","post-preview"],"_links":{"self":[{"href":"https:\/\/19bis.com\/objectbis\/wp-json\/wp\/v2\/posts\/1737","targetHints":{"allow":["GET"]}}],"collection":[{"href":"https:\/\/19bis.com\/objectbis\/wp-json\/wp\/v2\/posts"}],"about":[{"href":"https:\/\/19bis.com\/objectbis\/wp-json\/wp\/v2\/types\/post"}],"author":[{"embeddable":true,"href":"https:\/\/19bis.com\/objectbis\/wp-json\/wp\/v2\/users\/2"}],"replies":[{"embeddable":true,"href":"https:\/\/19bis.com\/objectbis\/wp-json\/wp\/v2\/comments?post=1737"}],"version-history":[{"count":0,"href":"https:\/\/19bis.com\/objectbis\/wp-json\/wp\/v2\/posts\/1737\/revisions"}],"wp:attachment":[{"href":"https:\/\/19bis.com\/objectbis\/wp-json\/wp\/v2\/media?parent=1737"}],"wp:term":[{"taxonomy":"category","embeddable":true,"href":"https:\/\/19bis.com\/objectbis\/wp-json\/wp\/v2\/categories?post=1737"},{"taxonomy":"post_tag","embeddable":true,"href":"https:\/\/19bis.com\/objectbis\/wp-json\/wp\/v2\/tags?post=1737"}],"curies":[{"name":"wp","href":"https:\/\/api.w.org\/{rel}","templated":true}]}}