{"id":1748,"date":"2010-04-19T11:14:16","date_gmt":"2010-04-19T05:14:16","guid":{"rendered":"http:\/\/19bis.com\/objectbis\/2010\/04\/19\/objetos-con-2%c2%aa-vida\/segunda-vida-para-la-tulipas-de-lamparas-antiguas.-feria-del-mueble-de-milan-2010\/"},"modified":"2010-04-19T11:14:16","modified_gmt":"2010-04-19T05:14:16","slug":"segunda-vida-para-la-tulipas-de-lamparas-antiguas-feria-del-mueble-de-milan-2010","status":"publish","type":"post","link":"https:\/\/19bis.com\/objectbis\/2010\/04\/19\/eco-diseno\/segunda-vida-para-la-tulipas-de-lamparas-antiguas-feria-del-mueble-de-milan-2010\/","title":{"rendered":"SEGUNDA VIDA PARA LAS TULIPAS DE L\u00c1MPARAS ANTIGUAS. FERIA DEL MUEBLE DE MILAN 2010"},"content":{"rendered":"<p style=\"text-align: center\"><a href=\"http:\/\/19bis.com\/objectbis\/wp-content\/uploads\/2010\/04\/p2.jpg\" title=\"SEGUNDA VIDA PARA LA T\u00daLIPAS DE L\u00c1MPARAS ANTIGUAS. FERIA DEL MUEBLE DE MILAN 2010\"><\/a><a href=\"http:\/\/19bis.com\/objectbis\/wp-content\/uploads\/2010\/04\/p41.jpg\" title=\"SEGUNDA VIDA PARA LA T\u00daLIPAS DE L\u00c1MPARAS ANTIGUAS. FERIA DEL MUEBLE DE MILAN 2010\"><\/a><a href=\"http:\/\/19bis.com\/objectbis\/wp-content\/uploads\/2010\/04\/p10.jpg\" title=\"SEGUNDA VIDA PARA LA T\u00daLIPAS DE L\u00c1MPARAS ANTIGUAS. FERIA DEL MUEBLE DE MILAN 2010\"><\/a><a href=\"http:\/\/19bis.com\/objectbis\/wp-content\/uploads\/2010\/04\/p1.jpg\" title=\"SEGUNDA VIDA PARA LA T\u00daLIPAS DE L\u00c1MPARAS ANTIGUAS. FERIA DEL MUEBLE DE MILAN 2010\"><img decoding=\"async\" src=\"http:\/\/19bis.com\/objectbis\/wp-content\/uploads\/2010\/04\/p1.thumbnail.jpg\" alt=\"SEGUNDA VIDA PARA LA T\u00daLIPAS DE L\u00c1MPARAS ANTIGUAS. FERIA DEL MUEBLE DE MILAN 2010\" \/><\/a><\/p>\n<p>Piet Hein les ha dado una segunda vida a la<a target=\"_blank\" href=\"http:\/\/www.wordreference.com\/definicion\/tulipa\" title=\"tulipa\"> tulipas<\/a> de l\u00e1mparas antiguas en la <a target=\"_blank\" href=\"http:\/\/19bis.com\/objectbis\/2010\/04\/15\/nuevas-tendencias\/semana-del-diseno-de-milan-2010.-novedades-eco\/\" title=\"http:\/\/19bis.com\/objectbis\/2010\/04\/15\/nuevas-tendencias\/semana-del-diseno-de-milan-2010.-novedades-eco\/\"><strong>Semana del Dise\u00f1o de Mil\u00e1n 2010<\/strong><\/a>, para crear\u00a0 nuevas formas\u00a0 de l\u00e1mparas de\u00a0cristal. Las tulipas recicladas est\u00e1n colocadas en el centro de aros de metal realizando varios formatos, verticales y circulares.<br \/>\n\u00a0\u00a0\u00a0<a href=\"http:\/\/19bis.com\/objectbis\/wp-content\/uploads\/2010\/04\/p2.jpg\" title=\"SEGUNDA VIDA PARA LA T\u00daLIPAS DE L\u00c1MPARAS ANTIGUAS. FERIA DEL MUEBLE DE MILAN 2010\"><\/a><a href=\"http:\/\/19bis.com\/objectbis\/wp-content\/uploads\/2010\/04\/p2.jpg\" title=\"SEGUNDA VIDA PARA LA T\u00daLIPAS DE L\u00c1MPARAS ANTIGUAS. FERIA DEL MUEBLE DE MILAN 2010\"><\/a><a href=\"http:\/\/19bis.com\/objectbis\/wp-content\/uploads\/2010\/04\/p2.jpg\" title=\"SEGUNDA VIDA PARA LA T\u00daLIPAS DE L\u00c1MPARAS ANTIGUAS. FERIA DEL MUEBLE DE MILAN 2010\"><\/a><a href=\"http:\/\/19bis.com\/objectbis\/wp-content\/uploads\/2010\/04\/p2.jpg\" title=\"SEGUNDA VIDA PARA LA T\u00daLIPAS DE L\u00c1MPARAS ANTIGUAS. FERIA DEL MUEBLE DE MILAN 2010\"><\/a><a href=\"http:\/\/19bis.com\/objectbis\/wp-content\/uploads\/2010\/04\/p2.jpg\" title=\"SEGUNDA VIDA PARA LA T\u00daLIPAS DE L\u00c1MPARAS ANTIGUAS. FERIA DEL MUEBLE DE MILAN 2010\"><\/a><a href=\"http:\/\/19bis.com\/objectbis\/wp-content\/uploads\/2010\/04\/p2.jpg\" title=\"SEGUNDA VIDA PARA LA T\u00daLIPAS DE L\u00c1MPARAS ANTIGUAS. FERIA DEL MUEBLE DE MILAN 2010\"><\/a><a href=\"http:\/\/19bis.com\/objectbis\/wp-content\/uploads\/2010\/04\/p2.jpg\" title=\"SEGUNDA VIDA PARA LA T\u00daLIPAS DE L\u00c1MPARAS ANTIGUAS. FERIA DEL MUEBLE DE MILAN 2010\"><\/a><a href=\"http:\/\/19bis.com\/objectbis\/wp-content\/uploads\/2010\/04\/p2.jpg\" title=\"SEGUNDA VIDA PARA LA T\u00daLIPAS DE L\u00c1MPARAS ANTIGUAS. FERIA DEL MUEBLE DE MILAN 2010\"><\/a><a href=\"http:\/\/19bis.com\/objectbis\/wp-content\/uploads\/2010\/04\/p2.jpg\" title=\"SEGUNDA VIDA PARA LA T\u00daLIPAS DE L\u00c1MPARAS ANTIGUAS. FERIA DEL MUEBLE DE MILAN 2010\"><\/p>\n<p style=\"text-align: center\"><img decoding=\"async\" src=\"http:\/\/19bis.com\/objectbis\/wp-content\/uploads\/2010\/04\/p2.thumbnail.jpg\" alt=\"SEGUNDA VIDA PARA LA T\u00daLIPAS DE L\u00c1MPARAS ANTIGUAS. FERIA DEL MUEBLE DE MILAN 2010\" \/><!--more--><\/p>\n<p><\/a><\/p>\n<p align=\"center\"><a href=\"http:\/\/19bis.com\/objectbis\/wp-content\/uploads\/2010\/04\/p41.jpg\" title=\"SEGUNDA VIDA PARA LA T\u00daLIPAS DE L\u00c1MPARAS ANTIGUAS. FERIA DEL MUEBLE DE MILAN 2010\"><img decoding=\"async\" src=\"http:\/\/19bis.com\/objectbis\/wp-content\/uploads\/2010\/04\/p41.thumbnail.jpg\" alt=\"SEGUNDA VIDA PARA LA T\u00daLIPAS DE L\u00c1MPARAS ANTIGUAS. FERIA DEL MUEBLE DE MILAN 2010\" \/><\/a><\/p>\n<p align=\"center\"><a href=\"http:\/\/19bis.com\/objectbis\/wp-content\/uploads\/2010\/04\/p10.jpg\" title=\"SEGUNDA VIDA PARA LA T\u00daLIPAS DE L\u00c1MPARAS ANTIGUAS. FERIA DEL MUEBLE DE MILAN 2010\"><img decoding=\"async\" src=\"http:\/\/19bis.com\/objectbis\/wp-content\/uploads\/2010\/04\/p10.thumbnail.jpg\" alt=\"SEGUNDA VIDA PARA LA T\u00daLIPAS DE L\u00c1MPARAS ANTIGUAS. FERIA DEL MUEBLE DE MILAN 2010\" \/><\/a><\/p>\n<p align=\"center\">&nbsp;<\/p>\n<p align=\"left\">V\u00eda: <a target=\"_blank\" href=\"http:\/\/www.designboom.com\/eng\/\" title=\"desigmboom\">desigmboom<\/a><\/p>\n","protected":false},"excerpt":{"rendered":"<p>Piet Hein les ha dado una segunda vida a la tulipas de l\u00e1mparas antiguas en la Semana del Dise\u00f1o de Mil\u00e1n 2010, para crear\u00a0 nuevas formas\u00a0 de l\u00e1mparas de\u00a0cristal. Las tulipas recicladas est\u00e1n colocadas en el centro de aros de metal realizando varios formatos, verticales y circulares. \u00a0\u00a0\u00a0<a href=\"https:\/\/19bis.com\/objectbis\/segunda-vida-para-la-tulipas-de-lamparas-antiguas-feria-del-mueble-de-milan-2010\/\" title=\"Continue reading &laquo;SEGUNDA VIDA PARA LAS TULIPAS DE L\u00c1MPARAS ANTIGUAS. FERIA DEL MUEBLE DE MILAN 2010&raquo;\" class=\"more-link\">Continue reading &laquo;SEGUNDA VIDA PARA LAS TULIPAS DE L\u00c1MPARAS ANTIGUAS. FERIA DEL MUEBLE DE MILAN 2010&raquo;<\/a><\/p>\n","protected":false},"author":2,"featured_media":0,"comment_status":"open","ping_status":"open","sticky":false,"template":"","format":"standard","meta":{"footnotes":""},"categories":[8,15],"tags":[1051,1170,1313,1577,1716,1914,2936,3248,3541,3802],"class_list":["post-1748","post","type-post","status-publish","format-standard","hentry","category-eco-diseno","category-objetos-con-2a-vida","tag-decoracion-natural","tag-diseno-ecologico","tag-ecofriendly","tag-feria-mueble-milan-2010","tag-green","tag-interiorismo","tag-reciclar","tag-reutilizar","tag-sustentable","tag-verde","post-preview"],"_links":{"self":[{"href":"https:\/\/19bis.com\/objectbis\/wp-json\/wp\/v2\/posts\/1748","targetHints":{"allow":["GET"]}}],"collection":[{"href":"https:\/\/19bis.com\/objectbis\/wp-json\/wp\/v2\/posts"}],"about":[{"href":"https:\/\/19bis.com\/objectbis\/wp-json\/wp\/v2\/types\/post"}],"author":[{"embeddable":true,"href":"https:\/\/19bis.com\/objectbis\/wp-json\/wp\/v2\/users\/2"}],"replies":[{"embeddable":true,"href":"https:\/\/19bis.com\/objectbis\/wp-json\/wp\/v2\/comments?post=1748"}],"version-history":[{"count":0,"href":"https:\/\/19bis.com\/objectbis\/wp-json\/wp\/v2\/posts\/1748\/revisions"}],"wp:attachment":[{"href":"https:\/\/19bis.com\/objectbis\/wp-json\/wp\/v2\/media?parent=1748"}],"wp:term":[{"taxonomy":"category","embeddable":true,"href":"https:\/\/19bis.com\/objectbis\/wp-json\/wp\/v2\/categories?post=1748"},{"taxonomy":"post_tag","embeddable":true,"href":"https:\/\/19bis.com\/objectbis\/wp-json\/wp\/v2\/tags?post=1748"}],"curies":[{"name":"wp","href":"https:\/\/api.w.org\/{rel}","templated":true}]}}