{"id":209,"date":"2008-03-18T23:02:16","date_gmt":"2008-03-18T17:02:16","guid":{"rendered":"http:\/\/19bis.com\/objectbis\/?p=209"},"modified":"2024-10-15T10:46:03","modified_gmt":"2024-10-15T08:46:03","slug":"salon-internacional-del-mueble-milan-2008-ultimas-tendencias-en-eco-diseno","status":"publish","type":"post","link":"https:\/\/19bis.com\/objectbis\/2008\/03\/18\/eco-noticias\/salon-internacional-del-mueble-milan-2008-ultimas-tendencias-en-eco-diseno\/","title":{"rendered":"Sal\u00f3n internacional del mueble Mil\u00e1n 2008, \u00faltimas tendencias en eco-dise\u00f1o."},"content":{"rendered":"<p align=\"center\"><a title=\"SAL\u00d3N INTERNACIONAL DEL MUEBLE, MILAN\" href=\"http:\/\/www.cosmit.it\/tool\/home.php?s=0,1,21,27,28\" target=\"_blank\" rel=\"noopener\"><img loading=\"lazy\" decoding=\"async\" class=\"aligncenter\" src=\"http:\/\/19bis.com\/objectbis\/wp-content\/uploads\/2008\/03\/logoferia.thumbnail.jpg\" alt=\"SAL\u00d3N INTERNACIONAL DEL MUEBLES. MIL\u00c1N\" width=\"717\" height=\"280\" \/><\/a><\/p>\n<p style=\"text-align: justify;\" align=\"left\">\u00a1Se viene el Sal\u00f3n Internacional del Mueble en Mil\u00e1n! Del 16 al 21 de abril de 2008, con m\u00e1s de 220,000 metros cuadrados de pura inspiraci\u00f3n en interiorismo, decoraci\u00f3n y, por supuesto, lo \u00faltimo en \u00abeco-dise\u00f1o\u00bb.<br \/>\n\u00a1Es el evento del a\u00f1o para los amantes del dise\u00f1o y la sostenibilidad!<br \/>\n<!--more--><\/p>\n<p>e todo es que no solo ver\u00e1s productos y tendencias innovadoras, sino que tambi\u00e9n disfrutar\u00e1s de una organizaci\u00f3n impecable y servicios que hacen la visita mucho m\u00e1s agradable. Y si eres de los que tambi\u00e9n disfruta del arte y la cultura, te encantar\u00e1 saber que habr\u00e1 espect\u00e1culos en la feria y en la ciudad. \u00a1Mil\u00e1n lo da todo!<\/p>\n<p>El evento m\u00e1s sorprendente tendr\u00e1 lugar en la <strong>Sala de Caryatids del Palacio Real<\/strong> y el <strong>Refectorio del Convento de Santa Maria delle Grazie<\/strong>. Participar\u00e1 un artista de renombre internacional, y la colaboraci\u00f3n con el Ayuntamiento de Mil\u00e1n y la Superintendencia de Patrimonio Arquitect\u00f3nico promete algo realmente inolvidable. Adem\u00e1s, estar\u00e1s rodeado de algunas de las obras de arte m\u00e1s famosas del mundo.<\/p>\n<p>\u00bfTe animas a vivir esta experiencia? \u00bfO has tenido la oportunidad de visitar esta feria en a\u00f1os anteriores? \u00a1Cu\u00e9ntame en los comentarios!<\/p>\n<p>V\u00eda: Sal\u00f3n Internacional del Mueble en Mil\u00e1n<\/p>\n<p>&nbsp;<\/p>\n<p>&nbsp;<\/p>\n","protected":false},"excerpt":{"rendered":"<p>\u00a1Se viene el Sal\u00f3n Internacional del Mueble en Mil\u00e1n! Del 16 al 21 de abril de 2008, con m\u00e1s de 220,000 metros cuadrados de pura inspiraci\u00f3n en interiorismo, decoraci\u00f3n y, por supuesto, lo \u00faltimo en \u00abeco-dise\u00f1o\u00bb. \u00a1Es el evento del a\u00f1o para los amantes del dise\u00f1o y la sostenibilidad!<a href=\"https:\/\/19bis.com\/objectbis\/salon-internacional-del-mueble-milan-2008-ultimas-tendencias-en-eco-diseno\/\" title=\"Continue reading &laquo;Sal\u00f3n internacional del mueble Mil\u00e1n 2008, \u00faltimas tendencias en eco-dise\u00f1o.&raquo;\" class=\"more-link\">Continue reading &laquo;Sal\u00f3n internacional del mueble Mil\u00e1n 2008, \u00faltimas tendencias en eco-dise\u00f1o.&raquo;<\/a><\/p>\n","protected":false},"author":2,"featured_media":0,"comment_status":"open","ping_status":"open","sticky":false,"template":"","format":"standard","meta":{"footnotes":""},"categories":[10,14,15],"tags":[1034,1271,1558,1914,2311,2665,3360,3691,330],"class_list":["post-209","post","type-post","status-publish","format-standard","hentry","category-eco-noticias","category-nuevas-tendencias","category-objetos-con-2a-vida","tag-decoracion","tag-eco-diseno","tag-feria-del-mueble","tag-interiorismo","tag-milan","tag-pelicula-milan2007","tag-salon-de-mueble","tag-tortona","tag-ultimas-tendencias","post-preview"],"_links":{"self":[{"href":"https:\/\/19bis.com\/objectbis\/wp-json\/wp\/v2\/posts\/209","targetHints":{"allow":["GET"]}}],"collection":[{"href":"https:\/\/19bis.com\/objectbis\/wp-json\/wp\/v2\/posts"}],"about":[{"href":"https:\/\/19bis.com\/objectbis\/wp-json\/wp\/v2\/types\/post"}],"author":[{"embeddable":true,"href":"https:\/\/19bis.com\/objectbis\/wp-json\/wp\/v2\/users\/2"}],"replies":[{"embeddable":true,"href":"https:\/\/19bis.com\/objectbis\/wp-json\/wp\/v2\/comments?post=209"}],"version-history":[{"count":2,"href":"https:\/\/19bis.com\/objectbis\/wp-json\/wp\/v2\/posts\/209\/revisions"}],"predecessor-version":[{"id":12339,"href":"https:\/\/19bis.com\/objectbis\/wp-json\/wp\/v2\/posts\/209\/revisions\/12339"}],"wp:attachment":[{"href":"https:\/\/19bis.com\/objectbis\/wp-json\/wp\/v2\/media?parent=209"}],"wp:term":[{"taxonomy":"category","embeddable":true,"href":"https:\/\/19bis.com\/objectbis\/wp-json\/wp\/v2\/categories?post=209"},{"taxonomy":"post_tag","embeddable":true,"href":"https:\/\/19bis.com\/objectbis\/wp-json\/wp\/v2\/tags?post=209"}],"curies":[{"name":"wp","href":"https:\/\/api.w.org\/{rel}","templated":true}]}}