{"id":2282,"date":"2011-04-23T17:17:18","date_gmt":"2011-04-23T11:17:18","guid":{"rendered":"http:\/\/19bis.com\/objectbis\/2011\/04\/23\/objetos-con-2%c2%aa-vida\/salone-2011-de-milan.-sofa-away-de-ruben-iglesias\/"},"modified":"2011-04-23T17:17:18","modified_gmt":"2011-04-23T11:17:18","slug":"salone-2011-de-milan-sofa-away-de-ruben-iglesias","status":"publish","type":"post","link":"https:\/\/19bis.com\/objectbis\/2011\/04\/23\/eco-diseno\/salone-2011-de-milan-sofa-away-de-ruben-iglesias\/","title":{"rendered":"SALONE INTERNAZIONALE DEL MOBILE 2011 DE MIL\u00c1N. SOF\u00c1 AWAY DE RUB\u00c9N IGLESIAS"},"content":{"rendered":"<p style=\"text-align: center;\">\u00a0<a title=\"SALONE 2011 DE MIL\u00c1N. SOF\u00c1 AWAY DE RUB\u00c9N IGLESIAS\" href=\"http:\/\/19bis.com\/objectbis\/wp-content\/uploads\/2011\/04\/retrain-milan.jpg\"><img decoding=\"async\" src=\"http:\/\/19bis.com\/objectbis\/wp-content\/uploads\/2011\/04\/retrain-milan.thumbnail.jpg\" alt=\"SALONE 2011 DE MIL\u00c1N. SOF\u00c1 AWAY DE RUB\u00c9N IGLESIAS\" \/><\/a><\/p>\n<p align=\"justify\">Nuestra enhorabuena a <a title=\"retrain\" href=\"http:\/\/retrain.endekos.com\/last-news-ultimas-noticias\" target=\"_blank\"><strong>Rub\u00e9n Iglesias, <\/strong><\/a>por el dise\u00f1o del <strong>Sof\u00e1 Away<\/strong><strong>\u00a0 <\/strong>con el que se ha calificado como uno de los diez mejores dise\u00f1os ecol\u00f3gicos\u00a0 presentados en la p\u00e1gina \u00ab<a title=\"inhabitat\" href=\"http:\/\/inhabitat.com\/the-best-sustainable-designs-from-salone-satellite-2011-in-milan\/5\/\" target=\"_blank\">inhabitat<\/a>\u00ab, uno\u00a0de los blogs de referencia en ecodise\u00f1o y dise\u00f1o sostenible alrededor del mundo. Expuestos en<strong><a title=\"salon de feria de milan\" href=\"http:\/\/www.cosmit.it\/tool\/home.php?s=0,2,67,71,75\" target=\"_blank\"> el <\/a><\/strong><strong><a title=\"salon de feria de milan\" href=\"http:\/\/www.cosmit.it\/tool\/home.php?s=0,2,67,71,75\" target=\"_blank\">Salone Satellite 2011 en Mil\u00e1n.<br \/>\n<\/a><\/strong><!--more--><\/p>\n<p id=\"gt-res-content\" class=\"almost_half_cell\">\n<p dir=\"ltr\"><span id=\"result_box\" class=\"long_text\" lang=\"es\"><span class=\"hps\" title=\"Haz clic para obtener otras posibles traducciones\">Verde<\/span> <span class=\"hps\" title=\"Haz clic para obtener otras posibles traducciones\">Dise\u00f1o de<\/span> <span class=\"hps\" title=\"Haz clic para obtener otras posibles traducciones\">Salone Satellite<\/span> <span class=\"hps\" title=\"Haz clic para obtener otras posibles traducciones\">2011<\/span> <span class=\"hps\" title=\"Haz clic para obtener otras posibles traducciones\">en<\/span> <span class=\"hps\" title=\"Haz clic para obtener otras posibles traducciones\">Mil\u00e1n<\/span><\/span><\/p>\n<p>&nbsp;<\/p>\n<p style=\"text-align: center;\"><a title=\"SALONE 2011 DE MIL\u00c1N. SOF\u00c1 AWAY DE RUB\u00c9N IGLE\" href=\"http:\/\/19bis.com\/objectbis\/wp-content\/uploads\/2011\/04\/sofa-away-15.jpg\"><img decoding=\"async\" src=\"http:\/\/19bis.com\/objectbis\/wp-content\/uploads\/2011\/04\/sofa-away-15.thumbnail.jpg\" alt=\"SALONE 2011 DE MIL\u00c1N. SOF\u00c1 AWAY DE RUB\u00c9N IGLE\" \/><\/a><\/p>\n<p align=\"justify\">El <strong>Sof\u00e1 Away<\/strong>, est\u00e1 hecho reutilizando un palet de madera, la estructura est\u00e1 hecha trenzando papel, y tambi\u00e9n contiene papel reutilizado para rellenar el interior. <!--more--><\/p>\n<p style=\"text-align: center;\"><a title=\"SALONE 2011 DE MIL\u00c1N. SOF\u00c1 AWAY DE RUB\u00c9N IGLEsias\" href=\"http:\/\/19bis.com\/objectbis\/wp-content\/uploads\/2011\/04\/sofa-away-03.jpg\"><img decoding=\"async\" src=\"http:\/\/19bis.com\/objectbis\/wp-content\/uploads\/2011\/04\/sofa-away-03.thumbnail.jpg\" alt=\"SALONE 2011 DE MIL\u00c1N. SOF\u00c1 AWAY DE RUB\u00c9N IGLEsias\" \/><\/a><\/p>\n<p align=\"justify\">El Sof\u00e1 Away est\u00e1 lejos de la forma convencional de crear mobiliario. Esta pieza no es \u00fanicamente una obra art\u00edstica y un objeto funcional, es tambi\u00e9n una declaraci\u00f3n que muestra el poder del papel reutilizado como material estructural y decorativo.<\/p>\n<p>&nbsp;<\/p>\n<p style=\"text-align: center;\"><a title=\"SALONE 2011 DE MIL\u00c1N. SOF\u00c1 AWAY DE RUB\u00c9N IGLEsias\" href=\"http:\/\/19bis.com\/objectbis\/wp-content\/uploads\/2011\/04\/sofa-away-06.jpg\"><img decoding=\"async\" src=\"http:\/\/19bis.com\/objectbis\/wp-content\/uploads\/2011\/04\/sofa-away-06.thumbnail.jpg\" alt=\"SALONE 2011 DE MIL\u00c1N. SOF\u00c1 AWAY DE RUB\u00c9N IGLEsias\" \/><\/a><\/p>\n<p align=\"center\">\u00a0<a title=\"SALONE 2011 DE MIL\u00c1N. SOF\u00c1 AWAY DE RUB\u00c9N IGLEsias\" href=\"http:\/\/19bis.com\/objectbis\/wp-content\/uploads\/2011\/04\/sofa-away-16.jpg\"><img decoding=\"async\" src=\"http:\/\/19bis.com\/objectbis\/wp-content\/uploads\/2011\/04\/sofa-away-16.thumbnail.jpg\" alt=\"SALONE 2011 DE MIL\u00c1N. SOF\u00c1 AWAY DE RUB\u00c9N IGLEsias\" \/><\/a><\/p>\n<p align=\"justify\">V\u00eda: <a title=\"ruben iglesias\" href=\"http:\/\/retrain.endekos.com\/\" target=\"_blank\">Ruben Iglesias<\/a><\/p>\n","protected":false},"excerpt":{"rendered":"<p>\u00a0 Nuestra enhorabuena a Rub\u00e9n Iglesias, por el dise\u00f1o del Sof\u00e1 Away\u00a0 con el que se ha calificado como uno de los diez mejores dise\u00f1os ecol\u00f3gicos\u00a0 presentados en la p\u00e1gina \u00abinhabitat\u00ab, uno\u00a0de los blogs de referencia en ecodise\u00f1o y dise\u00f1o sostenible alrededor del mundo. Expuestos en el Salone Satellite 2011 en Mil\u00e1n.<a href=\"https:\/\/19bis.com\/objectbis\/salone-2011-de-milan-sofa-away-de-ruben-iglesias\/\" title=\"Continue reading &laquo;SALONE INTERNAZIONALE DEL MOBILE 2011 DE MIL\u00c1N. SOF\u00c1 AWAY DE RUB\u00c9N IGLESIAS&raquo;\" class=\"more-link\">Continue reading &laquo;SALONE INTERNAZIONALE DEL MOBILE 2011 DE MIL\u00c1N. SOF\u00c1 AWAY DE RUB\u00c9N IGLESIAS&raquo;<\/a><\/p>\n","protected":false},"author":2,"featured_media":0,"comment_status":"open","ping_status":"open","sticky":false,"template":"","format":"standard","meta":{"footnotes":""},"categories":[8,15],"tags":[1045,1291,1300,1313,1551,2311,3048,3248,3351,3365,3483,3720],"class_list":["post-2282","post","type-post","status-publish","format-standard","hentry","category-eco-diseno","category-objetos-con-2a-vida","tag-decoracion-ecologica","tag-ecodesing","tag-ecodiseno","tag-ecofriendly","tag-feria","tag-milan","tag-reciclar-palet","tag-reutilizar","tag-ruben-iglesias","tag-saloni-de-mobile-milan-2011","tag-sofa-away","tag-trenzado-de-papel","post-preview"],"_links":{"self":[{"href":"https:\/\/19bis.com\/objectbis\/wp-json\/wp\/v2\/posts\/2282","targetHints":{"allow":["GET"]}}],"collection":[{"href":"https:\/\/19bis.com\/objectbis\/wp-json\/wp\/v2\/posts"}],"about":[{"href":"https:\/\/19bis.com\/objectbis\/wp-json\/wp\/v2\/types\/post"}],"author":[{"embeddable":true,"href":"https:\/\/19bis.com\/objectbis\/wp-json\/wp\/v2\/users\/2"}],"replies":[{"embeddable":true,"href":"https:\/\/19bis.com\/objectbis\/wp-json\/wp\/v2\/comments?post=2282"}],"version-history":[{"count":0,"href":"https:\/\/19bis.com\/objectbis\/wp-json\/wp\/v2\/posts\/2282\/revisions"}],"wp:attachment":[{"href":"https:\/\/19bis.com\/objectbis\/wp-json\/wp\/v2\/media?parent=2282"}],"wp:term":[{"taxonomy":"category","embeddable":true,"href":"https:\/\/19bis.com\/objectbis\/wp-json\/wp\/v2\/categories?post=2282"},{"taxonomy":"post_tag","embeddable":true,"href":"https:\/\/19bis.com\/objectbis\/wp-json\/wp\/v2\/tags?post=2282"}],"curies":[{"name":"wp","href":"https:\/\/api.w.org\/{rel}","templated":true}]}}