{"id":286,"date":"2008-04-23T23:41:01","date_gmt":"2008-04-23T17:41:01","guid":{"rendered":"http:\/\/19bis.com\/objectbis\/2008\/04\/23\/uncategorized\/feria-de-biocultura-y-3%c2%aa-edicicion-de-mama-terra\/"},"modified":"2024-10-18T09:57:12","modified_gmt":"2024-10-18T07:57:12","slug":"feria-de-biocultura-y-3%c2%aa-edicicion-de-mama-terra","status":"publish","type":"post","link":"https:\/\/19bis.com\/objectbis\/2008\/04\/23\/eco-diseno\/feria-de-biocultura-y-3%c2%aa-edicicion-de-mama-terra\/","title":{"rendered":"Feria de Biocultura y 3\u00aa edicici\u00f3n de \u00abMamaterra\u00bb"},"content":{"rendered":"<p align=\"center\"><a title=\"FERIA DE BIOCULTURA Y 3\u00aa EDICICI\u00d3N DE MAMA TERRA\" href=\"http:\/\/19bis.com\/objectbis\/wp-content\/uploads\/2008\/04\/bioculturablog.jpg\"><img loading=\"lazy\" decoding=\"async\" class=\"aligncenter\" src=\"http:\/\/19bis.com\/objectbis\/wp-content\/uploads\/2008\/04\/bioculturablog.thumbnail.jpg\" alt=\"FERIA DE BIOCULTURA Y 3\u00aa EDICICI\u00d3N DE MAMA TERRA\" width=\"572\" height=\"284\" \/><\/a><\/p>\n<p align=\"left\">\u00a1La feria m\u00e1s importante de Espa\u00f1a est\u00e1 de vuelta! Este a\u00f1o, se espera la participaci\u00f3n de m\u00e1s de 700 expositores y unos 80.000 visitantes en el Palau Sant Jordi. El sector de la alimentaci\u00f3n ecol\u00f3gica ser\u00e1 el gran protagonista con m\u00e1s de 14.000 productos que podr\u00e1s descubrir en un solo pabell\u00f3n. Adem\u00e1s, en el pabell\u00f3n de EcoBazar, encontrar\u00e1s un amplio abanico de productos y servicios para todos los gustos: cosm\u00e9tica natural, ecomateriales, muebles ecol\u00f3gicos, energ\u00edas renovables, terapias alternativas, ahorro, reciclaje, turismo rural, juguetes, m\u00fasica, artesan\u00edas&#8230; \u00a1y mucho m\u00e1s!<br \/>\n<!--more--><strong>MamaTerra, el festival ecol\u00f3gico de la infancia<\/strong><\/p>\n<p>Coincidiendo con BioCultura, se celebrar\u00e1 la<a title=\"MAMA TERRA 3\u00aa EDICI\u00d3N\" href=\"http:\/\/www.mamaterra.es\/\" target=\"_blank\" rel=\"noopener\">3\u00aa edici\u00f3n<\/a> de \u00ab<a title=\"MAMA TERRA 2008\" href=\"http:\/\/19bis.com\/objectbis\/2008\/01\/20\/eco-noticias\/festival-ecologico-de-la-infancia-%e2%80%9cmamaterra%e2%80%9d\/\" target=\"_blank\" rel=\"noopener\">MAMATERRA<\/a>\u00ab, un espacio pensado para los m\u00e1s peque\u00f1os. Habr\u00e1 talleres de cocina, huerto biol\u00f3gico, reciclaje, energ\u00edas renovables, m\u00fasica, teatro y marionetas. Los ni\u00f1os podr\u00e1n participar tanto en grupos escolares como en familia durante el fin de semana. \u00a1Una oportunidad perfecta para que los peques se diviertan y aprendan sobre sostenibilidad!<\/p>\n<p><strong>Un evento para los profesionales y el consumidor<\/strong><\/p>\n<p><a title=\"FERIA DE BIOCULTURA\" href=\"http:\/\/www.biocultura.org\/\" target=\"_blank\" rel=\"noopener\">BIOCULTURA<\/a> no solo es un punto de encuentro para quienes buscan productos respetuosos con el medio ambiente, sino tambi\u00e9n una plataforma para promover el consumo responsable. La feria presta especial atenci\u00f3n a los ciudadanos interesados en cambiar sus h\u00e1bitos hacia un estilo de vida m\u00e1s ecol\u00f3gico.<\/p>\n<p>Ahora, me encantar\u00eda saber: \u00bfHas tenido la oportunidad de visitar BioCultura antes? \u00bfQu\u00e9 es lo que m\u00e1s te gustar\u00eda ver este a\u00f1o? \u00a1D\u00e9jame tus comentarios!<\/p>\n<p><a title=\"informaci\u00f3n\" href=\"http:\/\/www.google.es\/search?sourceid=navclient&amp;aq=t&amp;hl=es&amp;ie=UTF-8&amp;rlz=1T4GGLR_esES244ES244&amp;q=3+edicion+de+mamaterra+en+barcelona\" target=\"_blank\" rel=\"noopener\">Fuente de informaci\u00f3n)<\/a><\/p>\n<p align=\"left\">\n","protected":false},"excerpt":{"rendered":"<p>\u00a1La feria m\u00e1s importante de Espa\u00f1a est\u00e1 de vuelta! Este a\u00f1o, se espera la participaci\u00f3n de m\u00e1s de 700 expositores y unos 80.000 visitantes en el Palau Sant Jordi. El sector de la alimentaci\u00f3n ecol\u00f3gica ser\u00e1 el gran protagonista con m\u00e1s de 14.000 productos que podr\u00e1s descubrir en un solo pabell\u00f3n. Adem\u00e1s, en el pabell\u00f3n [&hellip;]<a href=\"https:\/\/19bis.com\/objectbis\/feria-de-biocultura-y-3%c2%aa-edicicion-de-mama-terra\/\" title=\"Continue reading &laquo;Feria de Biocultura y 3\u00aa edicici\u00f3n de \"Mamaterra\"&raquo;\" class=\"more-link\">Continue reading &laquo;Feria de Biocultura y 3\u00aa edicici\u00f3n de \u00abMamaterra\u00bb&raquo;<\/a><\/p>\n","protected":false},"author":2,"featured_media":0,"comment_status":"open","ping_status":"open","sticky":false,"template":"","format":"standard","meta":{"footnotes":""},"categories":[8,9,10,11,13,4111,14],"tags":[371,1034,1300,1415,1552,1914,2187,2577,2914,2936,3248],"class_list":["post-286","post","type-post","status-publish","format-standard","hentry","category-eco-diseno","category-eco-ideas","category-eco-noticias","category-herramientas-para-reciclaje","category-materiales-naturales-artesania","category-noticias-de-interes","category-nuevas-tendencias","tag-barcelona","tag-decoracion","tag-ecodiseno","tag-energia-renovable","tag-feria-biocultura","tag-interiorismo","tag-mamaterra-3-edicion","tag-palau-sant-jordi","tag-reciclaje","tag-reciclar","tag-reutilizar","post-preview"],"_links":{"self":[{"href":"https:\/\/19bis.com\/objectbis\/wp-json\/wp\/v2\/posts\/286","targetHints":{"allow":["GET"]}}],"collection":[{"href":"https:\/\/19bis.com\/objectbis\/wp-json\/wp\/v2\/posts"}],"about":[{"href":"https:\/\/19bis.com\/objectbis\/wp-json\/wp\/v2\/types\/post"}],"author":[{"embeddable":true,"href":"https:\/\/19bis.com\/objectbis\/wp-json\/wp\/v2\/users\/2"}],"replies":[{"embeddable":true,"href":"https:\/\/19bis.com\/objectbis\/wp-json\/wp\/v2\/comments?post=286"}],"version-history":[{"count":3,"href":"https:\/\/19bis.com\/objectbis\/wp-json\/wp\/v2\/posts\/286\/revisions"}],"predecessor-version":[{"id":12402,"href":"https:\/\/19bis.com\/objectbis\/wp-json\/wp\/v2\/posts\/286\/revisions\/12402"}],"wp:attachment":[{"href":"https:\/\/19bis.com\/objectbis\/wp-json\/wp\/v2\/media?parent=286"}],"wp:term":[{"taxonomy":"category","embeddable":true,"href":"https:\/\/19bis.com\/objectbis\/wp-json\/wp\/v2\/categories?post=286"},{"taxonomy":"post_tag","embeddable":true,"href":"https:\/\/19bis.com\/objectbis\/wp-json\/wp\/v2\/tags?post=286"}],"curies":[{"name":"wp","href":"https:\/\/api.w.org\/{rel}","templated":true}]}}