{"id":3587,"date":"2013-06-16T19:28:54","date_gmt":"2013-06-16T17:28:54","guid":{"rendered":"http:\/\/19bis.com\/objectbis\/?p=3587"},"modified":"2013-06-16T19:28:54","modified_gmt":"2013-06-16T17:28:54","slug":"reutilizar-las-virutas-de-los-lapices","status":"publish","type":"post","link":"https:\/\/19bis.com\/objectbis\/2013\/06\/16\/eco-diseno\/reutilizar-las-virutas-de-los-lapices\/","title":{"rendered":"REUTILIZAR LAS VIRUTAS DE LOS L\u00c1PICES"},"content":{"rendered":"<p style=\"text-align: justify;\"><a href=\"http:\/\/maealandes.blogspot.com.es\/#http:\/\/2.bp.blogspot.com\/-SP8TN3xXEPc\/USy2SebZnzI\/AAAAAAAABSg\/3EavouSty8M\/s1600\/portadad.jpg\"><img loading=\"lazy\" decoding=\"async\" class=\"aligncenter size-full wp-image-3598\" src=\"http:\/\/19bis.com\/objectbis\/wp-content\/uploads\/2013\/06\/COMPO-bi.jpg\" alt=\"COMPOBISUTERIA.VIRUTAS\" width=\"491\" height=\"281\" \/><\/a><br \/>\nNo s\u00e9 si la pretensi\u00f3n de la dise\u00f1adora valenciana de joyas<strong><a href=\"http:\/\/maealandes.blogspot.com.es\/#http:\/\/2.bp.blogspot.com\/-SP8TN3xXEPc\/USy2SebZnzI\/AAAAAAAABSg\/3EavouSty8M\/s1600\/portadad.jpg\"> Mae Alandes<\/a><\/strong>, ha sido la de<strong> reciclar o dar una segunda vida<\/strong> a la virutas de madera de los l\u00e1pices. Lo que si s\u00e9, es que podemos ver un magn\u00edfico y original trabajo en el que nos muestra de nuevo como a trav\u00e9s del dise\u00f1o se puede transformar un material de desecho al que s\u00f3lo personas con especial sensibilidad art\u00edstica o los ni\u00f1os, les prestar\u00edas una especial\u00a0 atenci\u00f3n est\u00e9tica, para crear originales pendientes, collares, pulseras&#8230; combinadas principalmente con plata.<br \/>\n<!--more--><\/p>\n<p><img loading=\"lazy\" decoding=\"async\" class=\"aligncenter size-full wp-image-3596\" src=\"http:\/\/19bis.com\/objectbis\/wp-content\/uploads\/2013\/06\/PEN-VIRU.jpg\" alt=\"PEN-VIRU\" width=\"400\" height=\"292\" \/><\/p>\n<p><img loading=\"lazy\" decoding=\"async\" class=\"aligncenter size-full wp-image-3595\" src=\"http:\/\/19bis.com\/objectbis\/wp-content\/uploads\/2013\/06\/PEN-VIRU-2.jpg\" alt=\"PEN-VIRU-2\" width=\"400\" height=\"300\" \/><\/p>\n<p><img loading=\"lazy\" decoding=\"async\" class=\"aligncenter size-full wp-image-3593\" src=\"http:\/\/19bis.com\/objectbis\/wp-content\/uploads\/2013\/06\/PEN-VIRU-5.jpg\" alt=\"JOYERIA VIRUTAS\" width=\"473\" height=\"354\" \/><\/p>\n<p><img loading=\"lazy\" decoding=\"async\" class=\"aligncenter\" src=\"http:\/\/19bis.com\/objectbis\/wp-content\/uploads\/2013\/06\/PEN-VIRU-7.jpg\" alt=\"PEN-VIRU-7\" width=\"454\" height=\"605\" \/><\/p>\n<p><img loading=\"lazy\" decoding=\"async\" class=\"aligncenter\" src=\"http:\/\/19bis.com\/objectbis\/wp-content\/uploads\/2013\/06\/PEN-VIRU-6.jpg\" alt=\"PEN-VIRU-6\" width=\"421\" height=\"268\" \/><\/p>\n<p>&nbsp;<\/p>\n<p><img loading=\"lazy\" decoding=\"async\" class=\"aligncenter\" src=\"http:\/\/19bis.com\/objectbis\/wp-content\/uploads\/2013\/06\/PEN-VIRU-8.jpg\" alt=\"PEN-VIRU-8\" width=\"454\" height=\"412\" \/><\/p>\n<p>V\u00eda: <a href=\"http:\/\/www.diariouno.com.ar\/afondo\/Le-quedo-Joya--20130121-0040.htmlhttp:\/\/\">diariouno.com<\/a><\/p>\n","protected":false},"excerpt":{"rendered":"<p>No s\u00e9 si la pretensi\u00f3n de la dise\u00f1adora valenciana de joyas Mae Alandes, ha sido la de reciclar o dar una segunda vida a la virutas de madera de los l\u00e1pices. Lo que si s\u00e9, es que podemos ver un magn\u00edfico y original trabajo en el que nos muestra de nuevo como a trav\u00e9s del [&hellip;]<a href=\"https:\/\/19bis.com\/objectbis\/reutilizar-las-virutas-de-los-lapices\/\" title=\"Continue reading &laquo;REUTILIZAR LAS VIRUTAS DE LOS L\u00c1PICES&raquo;\" class=\"more-link\">Continue reading &laquo;REUTILIZAR LAS VIRUTAS DE LOS L\u00c1PICES&raquo;<\/a><\/p>\n","protected":false},"author":2,"featured_media":0,"comment_status":"open","ping_status":"open","sticky":false,"template":"","format":"standard","meta":{"footnotes":""},"categories":[8,9,15,16],"tags":[811,939,1826,1973,2092,2165,2176,2914,3248,3849],"class_list":["post-3587","post","type-post","status-publish","format-standard","hentry","category-eco-diseno","category-eco-ideas","category-objetos-con-2a-vida","category-reciclaje-creativo","tag-complementos","tag-creativas","tag-ideas","tag-joyas","tag-lapices","tag-madera","tag-mae-alandes","tag-reciclaje","tag-reutilizar","tag-virutas","post-preview"],"_links":{"self":[{"href":"https:\/\/19bis.com\/objectbis\/wp-json\/wp\/v2\/posts\/3587","targetHints":{"allow":["GET"]}}],"collection":[{"href":"https:\/\/19bis.com\/objectbis\/wp-json\/wp\/v2\/posts"}],"about":[{"href":"https:\/\/19bis.com\/objectbis\/wp-json\/wp\/v2\/types\/post"}],"author":[{"embeddable":true,"href":"https:\/\/19bis.com\/objectbis\/wp-json\/wp\/v2\/users\/2"}],"replies":[{"embeddable":true,"href":"https:\/\/19bis.com\/objectbis\/wp-json\/wp\/v2\/comments?post=3587"}],"version-history":[{"count":0,"href":"https:\/\/19bis.com\/objectbis\/wp-json\/wp\/v2\/posts\/3587\/revisions"}],"wp:attachment":[{"href":"https:\/\/19bis.com\/objectbis\/wp-json\/wp\/v2\/media?parent=3587"}],"wp:term":[{"taxonomy":"category","embeddable":true,"href":"https:\/\/19bis.com\/objectbis\/wp-json\/wp\/v2\/categories?post=3587"},{"taxonomy":"post_tag","embeddable":true,"href":"https:\/\/19bis.com\/objectbis\/wp-json\/wp\/v2\/tags?post=3587"}],"curies":[{"name":"wp","href":"https:\/\/api.w.org\/{rel}","templated":true}]}}