{"id":446,"date":"2008-06-22T23:58:03","date_gmt":"2008-06-22T17:58:03","guid":{"rendered":"http:\/\/19bis.com\/objectbis\/2008\/06\/22\/eco-ideas\/ecoideas-para-el-verano\/"},"modified":"2024-10-27T21:25:25","modified_gmt":"2024-10-27T19:25:25","slug":"ecoideas-para-el-verano","status":"publish","type":"post","link":"https:\/\/19bis.com\/objectbis\/2008\/06\/22\/antes-y-despues\/ecoideas-para-el-verano\/","title":{"rendered":"Ecoideas para el Verano"},"content":{"rendered":"<p style=\"text-align: center;\"><img loading=\"lazy\" decoding=\"async\" class=\"aligncenter\" src=\"http:\/\/19bis.com\/objectbis\/wp-content\/uploads\/2008\/06\/lamparapalo2.thumbnail.jpg\" alt=\"ECOIDEA\" width=\"583\" height=\"311\" \/><\/p>\n<p>\u00a1Hola a todos! \u2728<\/p>\n<p>Este verano, mientras disfrutamos de refrescantes helados con palitos de madera, podr\u00edamos inspirarnos en esta l\u00e1mpara y reciclar esos palitos para crear objetos tan originales como este.<\/p>\n<p>Quiero aclarar que, aunque la l\u00e1mpara no est\u00e1 hecha realmente con palitos de helado, me parece una ecoidea muy viable que podr\u00edamos llevar a cabo mediante el reciclaje y la reutilizaci\u00f3n de estos materiales.<!--more--><\/p>\n<p>Este dise\u00f1o es de Arkadius Quittek para <a title=\"RE-DESIGN\" href=\"http:\/\/19bis.com\/objectbis\/2008\/05\/27\/objetos-con-2%c2%aa-vida\/reciclar-y-reutilizar-muebles-de-epoca-para-producir-muebles-de-diseno.-ecodiseno-aleman\/#more-391\" target=\"_blank\" rel=\"noopener\">Re-Design<\/a>, y utiliza madera de haya proveniente de <a title=\"silvicultura\" href=\"http:\/\/es.wikipedia.org\/wiki\/Silvicultura\" target=\"_blank\" rel=\"noopener\">silvicultura<\/a>.<\/p>\n<p>\u00bfQu\u00e9 opinan de la idea de reutilizar los palitos de helado para proyectos creativos? \u00a1Me encantar\u00eda conocer sus pensamientos en los comentarios!<\/p>\n<p>Fuente:<a title=\"silvicultura\" href=\"http:\/\/es.wikipedia.org\/wiki\/Silvicultura\" target=\"_blank\" rel=\"noopener\">silvicultura<\/a>.<\/p>\n","protected":false},"excerpt":{"rendered":"<p>\u00a1Hola a todos! \u2728 Este verano, mientras disfrutamos de refrescantes helados con palitos de madera, podr\u00edamos inspirarnos en esta l\u00e1mpara y reciclar esos palitos para crear objetos tan originales como este. Quiero aclarar que, aunque la l\u00e1mpara no est\u00e1 hecha realmente con palitos de helado, me parece una ecoidea muy viable que podr\u00edamos llevar a [&hellip;]<a href=\"https:\/\/19bis.com\/objectbis\/ecoideas-para-el-verano\/\" title=\"Continue reading &laquo;Ecoideas para el Verano&raquo;\" class=\"more-link\">Continue reading &laquo;Ecoideas para el Verano&raquo;<\/a><\/p>\n","protected":false},"author":2,"featured_media":0,"comment_status":"open","ping_status":"open","sticky":false,"template":"","format":"standard","meta":{"footnotes":""},"categories":[2,8,9,10,15,16],"tags":[36,1300,1320,1914,2091,2333,2936,3248],"class_list":["post-446","post","type-post","status-publish","format-standard","hentry","category-antes-y-despues","category-eco-diseno","category-eco-ideas","category-eco-noticias","category-objetos-con-2a-vida","category-reciclaje-creativo","tag-19bis-creativos","tag-ecodiseno","tag-ecoidea","tag-interiorismo","tag-lamparas-recicladas","tag-mobiliarios","tag-reciclar","tag-reutilizar","post-preview"],"_links":{"self":[{"href":"https:\/\/19bis.com\/objectbis\/wp-json\/wp\/v2\/posts\/446","targetHints":{"allow":["GET"]}}],"collection":[{"href":"https:\/\/19bis.com\/objectbis\/wp-json\/wp\/v2\/posts"}],"about":[{"href":"https:\/\/19bis.com\/objectbis\/wp-json\/wp\/v2\/types\/post"}],"author":[{"embeddable":true,"href":"https:\/\/19bis.com\/objectbis\/wp-json\/wp\/v2\/users\/2"}],"replies":[{"embeddable":true,"href":"https:\/\/19bis.com\/objectbis\/wp-json\/wp\/v2\/comments?post=446"}],"version-history":[{"count":3,"href":"https:\/\/19bis.com\/objectbis\/wp-json\/wp\/v2\/posts\/446\/revisions"}],"predecessor-version":[{"id":12549,"href":"https:\/\/19bis.com\/objectbis\/wp-json\/wp\/v2\/posts\/446\/revisions\/12549"}],"wp:attachment":[{"href":"https:\/\/19bis.com\/objectbis\/wp-json\/wp\/v2\/media?parent=446"}],"wp:term":[{"taxonomy":"category","embeddable":true,"href":"https:\/\/19bis.com\/objectbis\/wp-json\/wp\/v2\/categories?post=446"},{"taxonomy":"post_tag","embeddable":true,"href":"https:\/\/19bis.com\/objectbis\/wp-json\/wp\/v2\/tags?post=446"}],"curies":[{"name":"wp","href":"https:\/\/api.w.org\/{rel}","templated":true}]}}