{"id":466,"date":"2008-07-01T21:33:07","date_gmt":"2008-07-01T15:33:07","guid":{"rendered":"http:\/\/19bis.com\/objectbis\/2008\/07\/01\/objetos-con-2%c2%aa-vida\/reciclar-y-reutilizar-vasos-de-plastico-desechables\/"},"modified":"2008-07-01T21:33:07","modified_gmt":"2008-07-01T15:33:07","slug":"reciclar-y-reutilizar-vasos-de-plastico-desechables","status":"publish","type":"post","link":"https:\/\/19bis.com\/objectbis\/2008\/07\/01\/objetos-con-2a-vida\/reciclar-y-reutilizar-vasos-de-plastico-desechables\/","title":{"rendered":"RECICLAR Y REUTILIZAR VASOS DE PL\u00c1STICO DESECHABLES"},"content":{"rendered":"<p><a href=\"http:\/\/19bis.com\/objectbis\/wp-content\/uploads\/2008\/07\/lamparabrasil.jpg\" title=\"RECICLAR Y REUTILIZAR VASOS DE PL\u00c1STICO DESECHABLES\"><\/a><a href=\"http:\/\/19bis.com\/objectbis\/wp-content\/uploads\/2008\/07\/lamparabrasil.jpg\" title=\"RECICLAR Y REUTILIZAR VASOS DE PL\u00c1STICO DESECHABLES\"><\/a><a href=\"http:\/\/19bis.com\/objectbis\/wp-content\/uploads\/2008\/07\/lamparabrasil.jpg\" title=\"RECICLAR Y REUTILIZAR VASOS DE PL\u00c1STICO DESECHABLES\"><\/a><a href=\"http:\/\/19bis.com\/objectbis\/wp-content\/uploads\/2008\/07\/lamparabrasil.jpg\" title=\"RECICLAR Y REUTILIZAR VASOS DE PL\u00c1STICO DESECHABLES\"><\/a><a href=\"http:\/\/19bis.com\/objectbis\/wp-content\/uploads\/2008\/07\/lamparabrasil.jpg\" title=\"RECICLAR Y REUTILIZAR VASOS DE PL\u00c1STICO DESECHABLES\"><\/p>\n<p style=\"text-align: center\"><img decoding=\"async\" src=\"http:\/\/19bis.com\/objectbis\/wp-content\/uploads\/2008\/07\/lamparabrasil.thumbnail.jpg\" alt=\"RECICLAR Y REUTILIZAR VASOS DE PL\u00c1STICO DESECHABLES\" \/><\/p>\n<p><a target=\"_blank\" href=\"http:\/\/www.superlimao.com.br\/main.html\" title=\"superlimao\"><strong>Superlimao<\/strong><\/a>\u00a0les ha dado una segunada vida a los vasos de pl\u00e1stico desechables que tiramos despu\u00e9s de su uso. Los ha reciclado y reutilizado creando esta est\u00e9tica l\u00e1mpara.<\/p>\n<p><\/a><\/p>\n","protected":false},"excerpt":{"rendered":"<p>Superlimao\u00a0les ha dado una segunada vida a los vasos de pl\u00e1stico desechables que tiramos despu\u00e9s de su uso. Los ha reciclado y reutilizado creando esta est\u00e9tica l\u00e1mpara.<a href=\"https:\/\/19bis.com\/objectbis\/reciclar-y-reutilizar-vasos-de-plastico-desechables\/\" title=\"Continue reading &laquo;RECICLAR Y REUTILIZAR VASOS DE PL\u00c1STICO DESECHABLES&raquo;\" class=\"more-link\">Continue reading &laquo;RECICLAR Y REUTILIZAR VASOS DE PL\u00c1STICO DESECHABLES&raquo;<\/a><\/p>\n","protected":false},"author":2,"featured_media":0,"comment_status":"open","ping_status":"open","sticky":false,"template":"","format":"standard","meta":{"footnotes":""},"categories":[15],"tags":[1034,1914,2075,2936,3302,3532,3784],"class_list":["post-466","post","type-post","status-publish","format-standard","hentry","category-objetos-con-2a-vida","tag-decoracion","tag-interiorismo","tag-lampara-reciclada","tag-reciclar","tag-reutlizar-plastico","tag-superlimao","tag-vasos-desechables","post-preview"],"_links":{"self":[{"href":"https:\/\/19bis.com\/objectbis\/wp-json\/wp\/v2\/posts\/466","targetHints":{"allow":["GET"]}}],"collection":[{"href":"https:\/\/19bis.com\/objectbis\/wp-json\/wp\/v2\/posts"}],"about":[{"href":"https:\/\/19bis.com\/objectbis\/wp-json\/wp\/v2\/types\/post"}],"author":[{"embeddable":true,"href":"https:\/\/19bis.com\/objectbis\/wp-json\/wp\/v2\/users\/2"}],"replies":[{"embeddable":true,"href":"https:\/\/19bis.com\/objectbis\/wp-json\/wp\/v2\/comments?post=466"}],"version-history":[{"count":0,"href":"https:\/\/19bis.com\/objectbis\/wp-json\/wp\/v2\/posts\/466\/revisions"}],"wp:attachment":[{"href":"https:\/\/19bis.com\/objectbis\/wp-json\/wp\/v2\/media?parent=466"}],"wp:term":[{"taxonomy":"category","embeddable":true,"href":"https:\/\/19bis.com\/objectbis\/wp-json\/wp\/v2\/categories?post=466"},{"taxonomy":"post_tag","embeddable":true,"href":"https:\/\/19bis.com\/objectbis\/wp-json\/wp\/v2\/tags?post=466"}],"curies":[{"name":"wp","href":"https:\/\/api.w.org\/{rel}","templated":true}]}}