{"id":535,"date":"2008-07-26T14:07:58","date_gmt":"2008-07-26T08:07:58","guid":{"rendered":"http:\/\/19bis.com\/objectbis\/2008\/07\/26\/uncategorized\/convocatoria-de-diseno-de-mueble-hecho-con-palets\/"},"modified":"2008-07-26T14:07:58","modified_gmt":"2008-07-26T08:07:58","slug":"convocatoria-de-diseno-de-mueble-hecho-con-palets","status":"publish","type":"post","link":"https:\/\/19bis.com\/objectbis\/2008\/07\/26\/eco-noticias\/convocatoria-de-diseno-de-mueble-hecho-con-palets\/","title":{"rendered":"CONVOCATORIA DE DISE\u00d1O DE MUEBLES HECHOS CON PALETS. OBJETOS CON SEGUNDA VIDA"},"content":{"rendered":"<p style=\"text-align: center\"><img decoding=\"async\" src=\"http:\/\/19bis.com\/objectbis\/wp-content\/uploads\/2008\/07\/convocatoriapalets.thumbnail.jpg\" alt=\"CONVOCATORIA DE DISE\u00d1O DE MUEBLE HECHO CON PALETS\" \/><\/p>\n<p>A trav\u00e9s de nuestro antiguo y exitoso post sobre la <a target=\"_blank\" href=\"http:\/\/19bis.com\/objectbis\/2008\/05\/08\/eco-diseno\/como-reutilizar-y-reciclar-palet-de-madera\/\" title=\"Reciclado de palets para muebles\">reutilizaci\u00f3n de palets <\/a>para el dise\u00f1o de mobiliario, nos han contactado para contarnos un proyecto\u00a0que creemos merece la pena compartir con vosotros. Desde luego desde nuestro blog le haremos un seguimiento, y a vosotros os animamos a participar en una iniciativa tan interesante.<\/p>\n<p><a target=\"_blank\" href=\"http:\/\/www.magatzems.net\/\" title=\"magatzems\"><strong>Magatzems Wall &amp; Video<\/strong><\/a>, asociacion de Valencia de arte contemporaneo, nos da la oportunidad de reciclar, reutilizar y a la vez mostrar nuestra creatividad, dise\u00f1ando muebles realizados con palets.\u00a0 Lanza\u00a0la convocatoria de dise\u00f1o de mueble con la finalidad de realizar una exposici\u00f3n de muebles de reciclaje en su sala, durante la <a target=\"_blank\" href=\"http:\/\/19bis.com\/objectbis\/2008\/08\/10\/eco-noticias\/habitat-valencia-forward.-feria-internacional-del-mueble-de-valencia-del-23-al-27-de-septiembre-08.-pensando-en-verde\/\" title=\"habitat valencia forward\"><strong>Feria Habitat<\/strong> <\/a>Valencia &#8211; 23\/27 de Septiembre <!--more-->de 2008. La exposici\u00f3n permanecer\u00e1 en la sala durante dos meses.<br \/>\nSi alguien estuviera interesado en participar bases en <a target=\"_blank\" href=\"http:\/\/www.magatzems.net\/\" title=\"magatzems\">http:\/\/www.magatzems.net\/<\/a>. Con los piezas seleccionadas se realizar\u00e1 una exposici\u00f3n a finales de septiembre.<\/p>\n<p align=\"left\">&nbsp;<\/p>\n","protected":false},"excerpt":{"rendered":"<p>A trav\u00e9s de nuestro antiguo y exitoso post sobre la reutilizaci\u00f3n de palets para el dise\u00f1o de mobiliario, nos han contactado para contarnos un proyecto\u00a0que creemos merece la pena compartir con vosotros. Desde luego desde nuestro blog le haremos un seguimiento, y a vosotros os animamos a participar en una iniciativa tan interesante. Magatzems Wall [&hellip;]<a href=\"https:\/\/19bis.com\/objectbis\/convocatoria-de-diseno-de-mueble-hecho-con-palets\/\" title=\"Continue reading &laquo;CONVOCATORIA DE DISE\u00d1O DE MUEBLES HECHOS CON PALETS. OBJETOS CON SEGUNDA VIDA&raquo;\" class=\"more-link\">Continue reading &laquo;CONVOCATORIA DE DISE\u00d1O DE MUEBLES HECHOS CON PALETS. OBJETOS CON SEGUNDA VIDA&raquo;<\/a><\/p>\n","protected":false},"author":2,"featured_media":0,"comment_status":"open","ping_status":"open","sticky":false,"template":"","format":"standard","meta":{"footnotes":""},"categories":[10,15],"tags":[1165,1170,1300,1564,1566,2177,2581,2936,3248],"class_list":["post-535","post","type-post","status-publish","format-standard","hentry","category-eco-noticias","category-objetos-con-2a-vida","tag-diseno-de-mobiliario","tag-diseno-ecologico","tag-ecodiseno","tag-feria-habitat","tag-feria-habitat-valencia","tag-magatzems-wall-video","tag-palets","tag-reciclar","tag-reutilizar","post-preview"],"_links":{"self":[{"href":"https:\/\/19bis.com\/objectbis\/wp-json\/wp\/v2\/posts\/535","targetHints":{"allow":["GET"]}}],"collection":[{"href":"https:\/\/19bis.com\/objectbis\/wp-json\/wp\/v2\/posts"}],"about":[{"href":"https:\/\/19bis.com\/objectbis\/wp-json\/wp\/v2\/types\/post"}],"author":[{"embeddable":true,"href":"https:\/\/19bis.com\/objectbis\/wp-json\/wp\/v2\/users\/2"}],"replies":[{"embeddable":true,"href":"https:\/\/19bis.com\/objectbis\/wp-json\/wp\/v2\/comments?post=535"}],"version-history":[{"count":0,"href":"https:\/\/19bis.com\/objectbis\/wp-json\/wp\/v2\/posts\/535\/revisions"}],"wp:attachment":[{"href":"https:\/\/19bis.com\/objectbis\/wp-json\/wp\/v2\/media?parent=535"}],"wp:term":[{"taxonomy":"category","embeddable":true,"href":"https:\/\/19bis.com\/objectbis\/wp-json\/wp\/v2\/categories?post=535"},{"taxonomy":"post_tag","embeddable":true,"href":"https:\/\/19bis.com\/objectbis\/wp-json\/wp\/v2\/tags?post=535"}],"curies":[{"name":"wp","href":"https:\/\/api.w.org\/{rel}","templated":true}]}}