{"id":576,"date":"2008-08-19T05:06:12","date_gmt":"2008-08-18T23:06:12","guid":{"rendered":"http:\/\/19bis.com\/objectbis\/2008\/08\/19\/nuevas-tendencias\/nuevo-diseno-ecologico-de-ryan-frank-en-el-proximo-festival-de-diseno-de-londres\/"},"modified":"2008-08-19T05:06:12","modified_gmt":"2008-08-18T23:06:12","slug":"nuevo-diseno-ecologico-de-ryan-frank-en-el-proximo-festival-de-diseno-de-londres","status":"publish","type":"post","link":"https:\/\/19bis.com\/objectbis\/2008\/08\/19\/decoracion-natural\/nuevo-diseno-ecologico-de-ryan-frank-en-el-proximo-festival-de-diseno-de-londres\/","title":{"rendered":"NUEVO DISE\u00d1O ECOL\u00d3GICO DE RYAN FRANK, EN EL PR\u00d3XIMO FESTIVAL DE DISE\u00d1O DE LONDRES"},"content":{"rendered":"<p dir=\"ltr\"><a href=\"http:\/\/19bis.com\/objectbis\/wp-content\/uploads\/2008\/08\/ryan-frank.jpg\" title=\"NUEVO DISE\u00d1O ECOL\u00d3GICO DE YAN FRANK, EN EL PR\u00d3XIMO FESTIVAL DE DISE\u00d1O DE LONDRES\"><\/a><\/p>\n<p><a href=\"http:\/\/19bis.com\/objectbis\/wp-content\/uploads\/2008\/08\/ryan-frank2.jpg\" title=\"NUEVO DISE\u00d1O ECOL\u00d3GICO DE YAN FRANK, EN EL PR\u00d3XIMO FESTIVAL DE DISE\u00d1O DE LONDRES\"><\/a><a href=\"http:\/\/19bis.com\/objectbis\/wp-content\/uploads\/2008\/08\/ryan-frank2.jpg\" title=\"NUEVO DISE\u00d1O ECOL\u00d3GICO DE YAN FRANK, EN EL PR\u00d3XIMO FESTIVAL DE DISE\u00d1O DE LONDRES\"><\/a><a href=\"http:\/\/19bis.com\/objectbis\/wp-content\/uploads\/2008\/08\/ryan-frank2.jpg\" title=\"NUEVO DISE\u00d1O ECOL\u00d3GICO DE YAN FRANK, EN EL PR\u00d3XIMO FESTIVAL DE DISE\u00d1O DE LONDRES\"><\/a><a href=\"http:\/\/19bis.com\/objectbis\/wp-content\/uploads\/2008\/08\/ryan-frank2.jpg\" title=\"NUEVO DISE\u00d1O ECOL\u00d3GICO DE YAN FRANK, EN EL PR\u00d3XIMO FESTIVAL DE DISE\u00d1O DE LONDRES\"><\/a><a href=\"http:\/\/19bis.com\/objectbis\/wp-content\/uploads\/2008\/08\/ryan-frank2.jpg\" title=\"NUEVO DISE\u00d1O ECOL\u00d3GICO DE YAN FRANK, EN EL PR\u00d3XIMO FESTIVAL DE DISE\u00d1O DE LONDRES\"><\/a><a href=\"http:\/\/19bis.com\/objectbis\/wp-content\/uploads\/2008\/08\/ryan-frank2.jpg\" title=\"NUEVO DISE\u00d1O ECOL\u00d3GICO DE YAN FRANK, EN EL PR\u00d3XIMO FESTIVAL DE DISE\u00d1O DE LONDRES\"><\/a><a href=\"http:\/\/19bis.com\/objectbis\/wp-content\/uploads\/2008\/08\/ryan-frank2.jpg\" title=\"NUEVO DISE\u00d1O ECOL\u00d3GICO DE YAN FRANK, EN EL PR\u00d3XIMO FESTIVAL DE DISE\u00d1O DE LONDRES\"><\/a><a href=\"http:\/\/19bis.com\/objectbis\/wp-content\/uploads\/2008\/08\/ryan-frank2.jpg\" title=\"NUEVO DISE\u00d1O ECOL\u00d3GICO DE YAN FRANK, EN EL PR\u00d3XIMO FESTIVAL DE DISE\u00d1O DE LONDRES\"><\/a><a href=\"http:\/\/19bis.com\/objectbis\/wp-content\/uploads\/2008\/08\/ryan-frank2.jpg\" title=\"NUEVO DISE\u00d1O ECOL\u00d3GICO DE YAN FRANK, EN EL PR\u00d3XIMO FESTIVAL DE DISE\u00d1O DE LONDRES\"><\/a><a href=\"http:\/\/19bis.com\/objectbis\/wp-content\/uploads\/2008\/08\/ryan-frank2.jpg\" title=\"NUEVO DISE\u00d1O ECOL\u00d3GICO DE YAN FRANK, EN EL PR\u00d3XIMO FESTIVAL DE DISE\u00d1O DE LONDRES\"><\/a><a href=\"http:\/\/19bis.com\/objectbis\/wp-content\/uploads\/2008\/08\/ryan-frank2.jpg\" title=\"NUEVO DISE\u00d1O ECOL\u00d3GICO DE YAN FRANK, EN EL PR\u00d3XIMO FESTIVAL DE DISE\u00d1O DE LONDRES\"><\/a><a href=\"http:\/\/19bis.com\/objectbis\/wp-content\/uploads\/2008\/08\/ryan-frank2.jpg\" title=\"NUEVO DISE\u00d1O ECOL\u00d3GICO DE YAN FRANK, EN EL PR\u00d3XIMO FESTIVAL DE DISE\u00d1O DE LONDRES\"><\/a><a href=\"http:\/\/19bis.com\/objectbis\/wp-content\/uploads\/2008\/08\/ryan-frank2.jpg\" title=\"NUEVO DISE\u00d1O ECOL\u00d3GICO DE YAN FRANK, EN EL PR\u00d3XIMO FESTIVAL DE DISE\u00d1O DE LONDRES\"><\/a><a href=\"http:\/\/19bis.com\/objectbis\/wp-content\/uploads\/2008\/08\/ryan-frank2.jpg\" title=\"NUEVO DISE\u00d1O ECOL\u00d3GICO DE YAN FRANK, EN EL PR\u00d3XIMO FESTIVAL DE DISE\u00d1O DE LONDRES\"><\/a><a href=\"http:\/\/19bis.com\/objectbis\/wp-content\/uploads\/2008\/08\/ryan-frank2.jpg\" title=\"NUEVO DISE\u00d1O ECOL\u00d3GICO DE YAN FRANK, EN EL PR\u00d3XIMO FESTIVAL DE DISE\u00d1O DE LONDRES\"><\/a><a href=\"http:\/\/19bis.com\/objectbis\/wp-content\/uploads\/2008\/08\/ryan-frank2.jpg\" title=\"NUEVO DISE\u00d1O ECOL\u00d3GICO DE YAN FRANK, EN EL PR\u00d3XIMO FESTIVAL DE DISE\u00d1O DE LONDRES\"><\/a><a href=\"http:\/\/19bis.com\/objectbis\/wp-content\/uploads\/2008\/08\/ryan-frank2.jpg\" title=\"NUEVO DISE\u00d1O ECOL\u00d3GICO DE YAN FRANK, EN EL PR\u00d3XIMO FESTIVAL DE DISE\u00d1O DE LONDRES\"><\/a><a href=\"http:\/\/19bis.com\/objectbis\/wp-content\/uploads\/2008\/08\/ryan-frank2.jpg\" title=\"NUEVO DISE\u00d1O ECOL\u00d3GICO DE YAN FRANK, EN EL PR\u00d3XIMO FESTIVAL DE DISE\u00d1O DE LONDRES\"><\/a><a href=\"http:\/\/19bis.com\/objectbis\/wp-content\/uploads\/2008\/08\/ryan-frank2.jpg\" title=\"NUEVO DISE\u00d1O ECOL\u00d3GICO DE YAN FRANK, EN EL PR\u00d3XIMO FESTIVAL DE DISE\u00d1O DE LONDRES\"><\/a><a href=\"http:\/\/19bis.com\/objectbis\/wp-content\/uploads\/2008\/08\/ryan-frank2.jpg\" title=\"NUEVO DISE\u00d1O ECOL\u00d3GICO DE YAN FRANK, EN EL PR\u00d3XIMO FESTIVAL DE DISE\u00d1O DE LONDRES\"><\/a><a href=\"http:\/\/19bis.com\/objectbis\/wp-content\/uploads\/2008\/08\/ryan-frank2.jpg\" title=\"NUEVO DISE\u00d1O ECOL\u00d3GICO DE YAN FRANK, EN EL PR\u00d3XIMO FESTIVAL DE DISE\u00d1O DE LONDRES\"><\/a><a href=\"http:\/\/19bis.com\/objectbis\/wp-content\/uploads\/2008\/08\/ryan-frank2.jpg\" title=\"NUEVO DISE\u00d1O ECOL\u00d3GICO DE YAN FRANK, EN EL PR\u00d3XIMO FESTIVAL DE DISE\u00d1O DE LONDRES\"><\/a><a href=\"http:\/\/19bis.com\/objectbis\/wp-content\/uploads\/2008\/08\/ryan-frank2.jpg\" title=\"NUEVO DISE\u00d1O ECOL\u00d3GICO DE YAN FRANK, EN EL PR\u00d3XIMO FESTIVAL DE DISE\u00d1O DE LONDRES\"><\/a><a href=\"http:\/\/19bis.com\/objectbis\/wp-content\/uploads\/2008\/08\/ryan-frank2.jpg\" title=\"NUEVO DISE\u00d1O ECOL\u00d3GICO DE YAN FRANK, EN EL PR\u00d3XIMO FESTIVAL DE DISE\u00d1O DE LONDRES\"><\/p>\n<p style=\"text-align: center\"><img decoding=\"async\" src=\"http:\/\/19bis.com\/objectbis\/wp-content\/uploads\/2008\/08\/ryan-frank2.thumbnail.jpg\" alt=\"NUEVO DISE\u00d1O ECOL\u00d3GICO DE YAN FRANK, EN EL PR\u00d3XIMO FESTIVAL DE DISE\u00d1O DE LONDRES\" \/><\/p>\n<p><\/a><\/p>\n<p dir=\"ltr\">Tomando como fuente a nuestros amigos <a target=\"_blank\" href=\"http:\/\/www.dezona.com\/index.php\" title=\"Dezona\">Dezona<\/a>,\u00a0os podemos ofrecer un peque\u00f1o avance\u00a0de la nueva\u00a0colecci\u00f3n de\u00a0mobiliario ecol\u00f3gico de\u00a0<a target=\"_blank\" href=\"http:\/\/www.ryanfrank.net\/\" title=\"RyanFrank.net\/\">Ryan Frank, <\/a>que podremos ver en el pr\u00f3ximo <a target=\"_blank\" href=\"http:\/\/19bis.com\/objectbis\/2008\/06\/09\/nuevas-tendencias\/festival-de-diseno-de-londres-2008-del-16-23-de-septiembre.-ecodiseno-britanico\/#more-419\" title=\"FESTIVAL DE DISE\u00d1O DE LONDRES\">Festival de Dise\u00f1o de Londres<\/a>.<br \/>\n<a target=\"_blank\" href=\"http:\/\/www.ryanfrank.net\/\" title=\"RyanFrank.net\/\">Ryan Frank <\/a>sudafricano de nacimiento, es un\u00a0dise\u00f1ador de muebles que vive y trabaja en el este de Londres.\u00a0<br \/>\n\u00abIsabella\u00bb tiene forma de T\u00f3tem africano, ya que se pueden apilar los asientos como piezas ensamblables, con texturas de paja y lana. Inspirada en asiento tallados\u00a0tradicionales africanos,\u00a0<!--more-->\u00a0pero eludiendo el uso de maderas ex\u00f3ticas, las\u00a0piezas ensamblables\u00a0son elaborados a partir de una s\u00f3lida secci\u00f3n de Strawboard, un\u00a0material ecol\u00f3gico compuesto completamente\u00a0por paja comprimida libre de <a target=\"_blank\" href=\"http:\/\/es.wikipedia.org\/wiki\/Formaldeh%C3%ADdo\" title=\"Formaldehido\">formaldeh\u00eddo<\/a>.<\/p>\n","protected":false},"excerpt":{"rendered":"<p>Tomando como fuente a nuestros amigos Dezona,\u00a0os podemos ofrecer un peque\u00f1o avance\u00a0de la nueva\u00a0colecci\u00f3n de\u00a0mobiliario ecol\u00f3gico de\u00a0Ryan Frank, que podremos ver en el pr\u00f3ximo Festival de Dise\u00f1o de Londres. Ryan Frank sudafricano de nacimiento, es un\u00a0dise\u00f1ador de muebles que vive y trabaja en el este de Londres.\u00a0 \u00abIsabella\u00bb tiene forma de T\u00f3tem africano, ya que [&hellip;]<a href=\"https:\/\/19bis.com\/objectbis\/nuevo-diseno-ecologico-de-ryan-frank-en-el-proximo-festival-de-diseno-de-londres\/\" title=\"Continue reading &laquo;NUEVO DISE\u00d1O ECOL\u00d3GICO DE RYAN FRANK, EN EL PR\u00d3XIMO FESTIVAL DE DISE\u00d1O DE LONDRES&raquo;\" class=\"more-link\">Continue reading &laquo;NUEVO DISE\u00d1O ECOL\u00d3GICO DE RYAN FRANK, EN EL PR\u00d3XIMO FESTIVAL DE DISE\u00d1O DE LONDRES&raquo;<\/a><\/p>\n","protected":false},"author":2,"featured_media":0,"comment_status":"open","ping_status":"open","sticky":false,"template":"","format":"standard","meta":{"footnotes":""},"categories":[6,14],"tags":[451,1034,1170,1300,1584,1914,1939,2038,2229,2232,2573,3355],"class_list":["post-576","post","type-post","status-publish","format-standard","hentry","category-decoracion-natural","category-nuevas-tendencias","tag-blog-ecodesign","tag-decoracion","tag-diseno-ecologico","tag-ecodiseno","tag-festival-de-diseno-de-londres","tag-interiorismo","tag-isabella","tag-lana","tag-material-ecologico","tag-material-natural","tag-paja","tag-ryan-frank","post-preview"],"_links":{"self":[{"href":"https:\/\/19bis.com\/objectbis\/wp-json\/wp\/v2\/posts\/576","targetHints":{"allow":["GET"]}}],"collection":[{"href":"https:\/\/19bis.com\/objectbis\/wp-json\/wp\/v2\/posts"}],"about":[{"href":"https:\/\/19bis.com\/objectbis\/wp-json\/wp\/v2\/types\/post"}],"author":[{"embeddable":true,"href":"https:\/\/19bis.com\/objectbis\/wp-json\/wp\/v2\/users\/2"}],"replies":[{"embeddable":true,"href":"https:\/\/19bis.com\/objectbis\/wp-json\/wp\/v2\/comments?post=576"}],"version-history":[{"count":0,"href":"https:\/\/19bis.com\/objectbis\/wp-json\/wp\/v2\/posts\/576\/revisions"}],"wp:attachment":[{"href":"https:\/\/19bis.com\/objectbis\/wp-json\/wp\/v2\/media?parent=576"}],"wp:term":[{"taxonomy":"category","embeddable":true,"href":"https:\/\/19bis.com\/objectbis\/wp-json\/wp\/v2\/categories?post=576"},{"taxonomy":"post_tag","embeddable":true,"href":"https:\/\/19bis.com\/objectbis\/wp-json\/wp\/v2\/tags?post=576"}],"curies":[{"name":"wp","href":"https:\/\/api.w.org\/{rel}","templated":true}]}}