{"id":591,"date":"2008-08-27T01:32:06","date_gmt":"2008-08-26T19:32:06","guid":{"rendered":"http:\/\/19bis.com\/objectbis\/2008\/08\/27\/objetos-con-2%c2%aa-vida\/reutilizar-y-reciclar-las-conchas-de-la-playa.-ecoideas-para-el-verano-ll\/"},"modified":"2008-08-27T01:32:06","modified_gmt":"2008-08-26T19:32:06","slug":"reutilizar-y-reciclar-las-conchas-de-la-playa-ecoideas-para-el-verano-ll","status":"publish","type":"post","link":"https:\/\/19bis.com\/objectbis\/2008\/08\/27\/decoracion-natural\/reutilizar-y-reciclar-las-conchas-de-la-playa-ecoideas-para-el-verano-ll\/","title":{"rendered":"REUTILIZAR Y RECICLAR LAS CONCHAS DE LA PLAYA. ECOIDEAS PARA EL VERANO ll"},"content":{"rendered":"<p align=\"center\"><a href=\"http:\/\/19bis.com\/objectbis\/wp-content\/uploads\/2008\/08\/concha.jpg\" title=\"REUTILIZAR Y RECICLAR LAS CONCHAS DE LA PLAYA. ECOIDEAS PARA EL VERANO ll\"><img decoding=\"async\" src=\"http:\/\/19bis.com\/objectbis\/wp-content\/uploads\/2008\/08\/concha.thumbnail.jpg\" alt=\"REUTILIZAR Y RECICLAR LAS CONCHAS DE LA PLAYA. ECOIDEAS PARA EL VERANO ll\" \/><\/a><\/p>\n<p align=\"left\">L\u00e1mpara\u00a0elaborada con conchas y estructura de metal, \u00a0la podemos ver en el patio interior de la \u00ab<a target=\"_blank\" href=\"http:\/\/es.wikipedia.org\/wiki\/Casa_de_las_Conchas_de_Salamanca\" title=\"Casa de las Conchas\">Casa de las Conchas<\/a>\u00bb en <a target=\"_blank\" href=\"http:\/\/www.salamanca.es\/inicio.aspx\" title=\"Salamanca\">Salamanca<\/a>. No sabemos en que a\u00f1o se realiz\u00f3, ni hemos encontrado informaci\u00f3n alguna sobre ella en Internet, pero merece la pena\u00a0publicarla como una ecoidea hist\u00f3rica que es tambi\u00e9n a la vez actual. Todos hemos visto objetos decorados con conchas, algunos de ellos verdaderas joyas en funci\u00f3n del tipo de concha que se use y la habilidad del artesano.\u00a0Esta l\u00e1mpara de grandes dimensiones nos puede servir de ecoidea para reciclar y reutilizar las conchas que nos encontremos este verano en la playa.<\/p>\n","protected":false},"excerpt":{"rendered":"<p>L\u00e1mpara\u00a0elaborada con conchas y estructura de metal, \u00a0la podemos ver en el patio interior de la \u00abCasa de las Conchas\u00bb en Salamanca. No sabemos en que a\u00f1o se realiz\u00f3, ni hemos encontrado informaci\u00f3n alguna sobre ella en Internet, pero merece la pena\u00a0publicarla como una ecoidea hist\u00f3rica que es tambi\u00e9n a la vez actual. Todos hemos [&hellip;]<a href=\"https:\/\/19bis.com\/objectbis\/reutilizar-y-reciclar-las-conchas-de-la-playa-ecoideas-para-el-verano-ll\/\" title=\"Continue reading &laquo;REUTILIZAR Y RECICLAR LAS CONCHAS DE LA PLAYA. ECOIDEAS PARA EL VERANO ll&raquo;\" class=\"more-link\">Continue reading &laquo;REUTILIZAR Y RECICLAR LAS CONCHAS DE LA PLAYA. ECOIDEAS PARA EL VERANO ll&raquo;<\/a><\/p>\n","protected":false},"author":2,"featured_media":0,"comment_status":"open","ping_status":"open","sticky":false,"template":"","format":"standard","meta":{"footnotes":""},"categories":[6,9,15],"tags":[640,1026,1034,1170,1300,1320,1344,1914,2060,2936,3248],"class_list":["post-591","post","type-post","status-publish","format-standard","hentry","category-decoracion-natural","category-eco-ideas","category-objetos-con-2a-vida","tag-casa","tag-de-las-conchas","tag-decoracion","tag-diseno-ecologico","tag-ecodiseno","tag-ecoidea","tag-ecosesing","tag-interiorismo","tag-lampara-de-conchas","tag-reciclar","tag-reutilizar","post-preview"],"_links":{"self":[{"href":"https:\/\/19bis.com\/objectbis\/wp-json\/wp\/v2\/posts\/591","targetHints":{"allow":["GET"]}}],"collection":[{"href":"https:\/\/19bis.com\/objectbis\/wp-json\/wp\/v2\/posts"}],"about":[{"href":"https:\/\/19bis.com\/objectbis\/wp-json\/wp\/v2\/types\/post"}],"author":[{"embeddable":true,"href":"https:\/\/19bis.com\/objectbis\/wp-json\/wp\/v2\/users\/2"}],"replies":[{"embeddable":true,"href":"https:\/\/19bis.com\/objectbis\/wp-json\/wp\/v2\/comments?post=591"}],"version-history":[{"count":0,"href":"https:\/\/19bis.com\/objectbis\/wp-json\/wp\/v2\/posts\/591\/revisions"}],"wp:attachment":[{"href":"https:\/\/19bis.com\/objectbis\/wp-json\/wp\/v2\/media?parent=591"}],"wp:term":[{"taxonomy":"category","embeddable":true,"href":"https:\/\/19bis.com\/objectbis\/wp-json\/wp\/v2\/categories?post=591"},{"taxonomy":"post_tag","embeddable":true,"href":"https:\/\/19bis.com\/objectbis\/wp-json\/wp\/v2\/tags?post=591"}],"curies":[{"name":"wp","href":"https:\/\/api.w.org\/{rel}","templated":true}]}}