{"id":611,"date":"2008-09-05T21:27:57","date_gmt":"2008-09-05T15:27:57","guid":{"rendered":"http:\/\/19bis.com\/objectbis\/2008\/09\/05\/nuevas-tendencias\/accesorios-de-moda-para-el-dia-objetos-decorativos-para-la-noche.-moda-ecologica\/"},"modified":"2008-09-05T21:27:57","modified_gmt":"2008-09-05T15:27:57","slug":"accesorios-de-moda-para-el-dia-objetos-decorativos-para-la-noche-moda-ecologica","status":"publish","type":"post","link":"https:\/\/19bis.com\/objectbis\/2008\/09\/05\/eco-ideas\/accesorios-de-moda-para-el-dia-objetos-decorativos-para-la-noche-moda-ecologica\/","title":{"rendered":"ACCESORIOS DE MODA PARA EL DIA, OBJETOS DECORATIVOS PARA LA NOCHE. MODA ECOL\u00d3GICA"},"content":{"rendered":"<p><a href=\"http:\/\/19bis.com\/objectbis\/wp-content\/uploads\/2008\/09\/abanico.jpg\" title=\"ACCESORIOS DE MODA PARA EL DIA, OBJETOS DECORATIVOS PARA LA NOCHE. MODA ECOL\u00d3GICA\"><\/a><\/p>\n<p style=\"text-align: center\"><a href=\"http:\/\/19bis.com\/objectbis\/wp-content\/uploads\/2008\/09\/abanico2.jpg\" title=\"ACCESORIOS DE MODA PARA EL DIA, OBJETOS DECORATIVOS PARA LA NOCHE. MODA ECOL\u00d3GICA\"><\/a><a href=\"http:\/\/19bis.com\/objectbis\/wp-content\/uploads\/2008\/09\/abanico2.jpg\" title=\"ACCESORIOS DE MODA PARA EL DIA, OBJETOS DECORATIVOS PARA LA NOCHE. MODA ECOL\u00d3GICA\"><\/a><a href=\"http:\/\/19bis.com\/objectbis\/wp-content\/uploads\/2008\/09\/abanico2.jpg\" title=\"ACCESORIOS DE MODA PARA EL DIA, OBJETOS DECORATIVOS PARA LA NOCHE. MODA ECOL\u00d3GICA\"><\/a><a href=\"http:\/\/19bis.com\/objectbis\/wp-content\/uploads\/2008\/09\/abanico2.jpg\" title=\"ACCESORIOS DE MODA PARA EL DIA, OBJETOS DECORATIVOS PARA LA NOCHE. MODA ECOL\u00d3GICA\"><\/a><a href=\"http:\/\/19bis.com\/objectbis\/wp-content\/uploads\/2008\/09\/abanico2.jpg\" title=\"ACCESORIOS DE MODA PARA EL DIA, OBJETOS DECORATIVOS PARA LA NOCHE. MODA ECOL\u00d3GICA\"><\/a><a href=\"http:\/\/19bis.com\/objectbis\/wp-content\/uploads\/2008\/09\/abanico.jpg\" title=\"ACCESORIOS DE MODA PARA EL DIA, OBJETOS DECORATIVOS PARA LA NOCHE. MODA ECOL\u00d3GICA\"><img decoding=\"async\" src=\"http:\/\/19bis.com\/objectbis\/wp-content\/uploads\/2008\/09\/abanico.thumbnail.jpg\" alt=\"ACCESORIOS DE MODA PARA EL DIA, OBJETOS DECORATIVOS PARA LA NOCHE. MODA ECOL\u00d3GICA\" \/><\/a><\/p>\n<p dir=\"ltr\" id=\"result_box\"><a target=\"_blank\" href=\"http:\/\/www.lostvalues.com\/lostvalues_profile.htm\" title=\"Elena Corchero\"><span class=\"medbdorhome\">Elena Corchero<\/span> <\/a>explora valores perdidos a trav\u00e9s de la artesan\u00eda y la tecnolog\u00eda, nos presenta una colecci\u00f3n\u00a0de accesorios de moda que explora\u00a0de manera delicada\u00a0la incorporaci\u00f3n de c\u00e9lulas solares org\u00e1nicas en los textiles, en las que la tecnolog\u00eda cumple con la tradici\u00f3n. Las piezas se cargan al mismo tiempo que\u00a0se utilizan al aire libre durante el d\u00eda.\u00a0<\/p>\n<p><a href=\"http:\/\/19bis.com\/objectbis\/wp-content\/uploads\/2008\/09\/abanico2.jpg\" title=\"ACCESORIOS DE MODA PARA EL DIA, OBJETOS DECORATIVOS PARA LA NOCHE. MODA ECOL\u00d3GICA\"><\/a><a href=\"http:\/\/19bis.com\/objectbis\/wp-content\/uploads\/2008\/09\/abanico2.jpg\" title=\"ACCESORIOS DE MODA PARA EL DIA, OBJETOS DECORATIVOS PARA LA NOCHE. MODA ECOL\u00d3GICA\"><\/a><a href=\"http:\/\/19bis.com\/objectbis\/wp-content\/uploads\/2008\/09\/abanico2.jpg\" title=\"ACCESORIOS DE MODA PARA EL DIA, OBJETOS DECORATIVOS PARA LA NOCHE. MODA ECOL\u00d3GICA\"><\/a><\/p>\n<p><a href=\"http:\/\/19bis.com\/objectbis\/wp-content\/uploads\/2008\/09\/abanico2.jpg\" title=\"ACCESORIOS DE MODA PARA EL DIA, OBJETOS DECORATIVOS PARA LA NOCHE. MODA ECOL\u00d3GICA\"><\/a><a href=\"http:\/\/19bis.com\/objectbis\/wp-content\/uploads\/2008\/09\/abanico2.jpg\" title=\"ACCESORIOS DE MODA PARA EL DIA, OBJETOS DECORATIVOS PARA LA NOCHE. MODA ECOL\u00d3GICA\"><\/a><\/p>\n<p style=\"text-align: center\"><a href=\"http:\/\/19bis.com\/objectbis\/wp-content\/uploads\/2008\/09\/abanico2.jpg\" title=\"ACCESORIOS DE MODA PARA EL DIA, OBJETOS DECORATIVOS PARA LA NOCHE. MODA ECOL\u00d3GICA\"><img decoding=\"async\" src=\"http:\/\/19bis.com\/objectbis\/wp-content\/uploads\/2008\/09\/abanico2.thumbnail.jpg\" alt=\"ACCESORIOS DE MODA PARA EL DIA, OBJETOS DECORATIVOS PARA LA NOCHE. MODA ECOL\u00d3GICA\" \/><\/a><\/p>\n<p>Art\u00edsticos accesorios de moda, como un\u00a0abanico\u00a0y una sombrilla que se cargan al mismo tiempo que\u00a0se utilizan al aire libre durante el d\u00eda. Cuando llega\u00a0la noche se transforman y crean\u00a0decorativas luces ambientales para el hogar, alimentado s\u00f3lo por la energ\u00eda almacenada anteriormente.\u00a0Los componentes electr\u00f3nicos, como las c\u00e9lulas solares, resistencias y LEDs est\u00e1n integrados directamente en el textil y\u00a0los cable junto a\u00a0\u00a0circuitos\u00a0utilizando el hilo conductor.<\/p>\n<p><a target=\"_blank\" href=\"http:\/\/www.100percentdesign.co.uk\/page.cfm\/NewSection=Yes\/GoSection=0\" title=\"100% design London\">V\u00eda: 100% desing London<\/a><\/p>\n","protected":false},"excerpt":{"rendered":"<p>Elena Corchero explora valores perdidos a trav\u00e9s de la artesan\u00eda y la tecnolog\u00eda, nos presenta una colecci\u00f3n\u00a0de accesorios de moda que explora\u00a0de manera delicada\u00a0la incorporaci\u00f3n de c\u00e9lulas solares org\u00e1nicas en los textiles, en las que la tecnolog\u00eda cumple con la tradici\u00f3n. Las piezas se cargan al mismo tiempo que\u00a0se utilizan al aire libre durante el [&hellip;]<a href=\"https:\/\/19bis.com\/objectbis\/accesorios-de-moda-para-el-dia-objetos-decorativos-para-la-noche-moda-ecologica\/\" title=\"Continue reading &laquo;ACCESORIOS DE MODA PARA EL DIA, OBJETOS DECORATIVOS PARA LA NOCHE. MODA ECOL\u00d3GICA&raquo;\" class=\"more-link\">Continue reading &laquo;ACCESORIOS DE MODA PARA EL DIA, OBJETOS DECORATIVOS PARA LA NOCHE. MODA ECOL\u00d3GICA&raquo;<\/a><\/p>\n","protected":false},"author":2,"featured_media":0,"comment_status":"open","ping_status":"open","sticky":false,"template":"","format":"standard","meta":{"footnotes":""},"categories":[9,15],"tags":[692,1034,1170,1300,1381,1914,2346],"class_list":["post-611","post","type-post","status-publish","format-standard","hentry","category-eco-ideas","category-objetos-con-2a-vida","tag-celulas-solares-organicas-en-los-textiles","tag-decoracion","tag-diseno-ecologico","tag-ecodiseno","tag-elena-corchero","tag-interiorismo","tag-moda-ecologica","post-preview"],"_links":{"self":[{"href":"https:\/\/19bis.com\/objectbis\/wp-json\/wp\/v2\/posts\/611","targetHints":{"allow":["GET"]}}],"collection":[{"href":"https:\/\/19bis.com\/objectbis\/wp-json\/wp\/v2\/posts"}],"about":[{"href":"https:\/\/19bis.com\/objectbis\/wp-json\/wp\/v2\/types\/post"}],"author":[{"embeddable":true,"href":"https:\/\/19bis.com\/objectbis\/wp-json\/wp\/v2\/users\/2"}],"replies":[{"embeddable":true,"href":"https:\/\/19bis.com\/objectbis\/wp-json\/wp\/v2\/comments?post=611"}],"version-history":[{"count":0,"href":"https:\/\/19bis.com\/objectbis\/wp-json\/wp\/v2\/posts\/611\/revisions"}],"wp:attachment":[{"href":"https:\/\/19bis.com\/objectbis\/wp-json\/wp\/v2\/media?parent=611"}],"wp:term":[{"taxonomy":"category","embeddable":true,"href":"https:\/\/19bis.com\/objectbis\/wp-json\/wp\/v2\/categories?post=611"},{"taxonomy":"post_tag","embeddable":true,"href":"https:\/\/19bis.com\/objectbis\/wp-json\/wp\/v2\/tags?post=611"}],"curies":[{"name":"wp","href":"https:\/\/api.w.org\/{rel}","templated":true}]}}