{"id":6131,"date":"2014-05-17T18:07:31","date_gmt":"2014-05-17T16:07:31","guid":{"rendered":"http:\/\/19bis.com\/objectbis\/?p=6131"},"modified":"2014-05-17T18:07:31","modified_gmt":"2014-05-17T16:07:31","slug":"17-de-mayo-dia-mundial-del-reciclaje-que-es-el-reciclaje","status":"publish","type":"post","link":"https:\/\/19bis.com\/objectbis\/2014\/05\/17\/uncategorized\/17-de-mayo-dia-mundial-del-reciclaje-que-es-el-reciclaje\/","title":{"rendered":"17 DE MAYO D\u00cdA MUNDIAL DEL RECICLAJE \u00bfQU\u00c9 ES EL RECICLAJE?"},"content":{"rendered":"<p style=\"text-align: justify;\"><img loading=\"lazy\" decoding=\"async\" class=\"aligncenter size-full wp-image-6134\" src=\"http:\/\/19bis.com\/objectbis\/wp-content\/uploads\/2014\/05\/DIA-MUNDIAL-RECICLAJE.jpg\" alt=\"DIA-MUNDIAL-RECICLAJE\" width=\"491\" height=\"281\" \/><\/p>\n<p style=\"text-align: justify;\">En muchos pa\u00edses del mundo se celebra el 17 de Mayo el D\u00eda Internacional del Reciclaje. Oportunidad para recordar la estrategia <strong>de Reducir, Reutilizar y Reciclar<\/strong>, que busca reorientar el comportamiento de todos los ciudadanos con vista a mejorar el gran flagelo del Siglo XXI, los residuos s\u00f3lidos urbanos.<br \/>\n<!--more--><\/p>\n<p style=\"text-align: justify;\">Aunque el origen de esta celebraci\u00f3n no est\u00e1 muy claro, se ha hecho una costumbre la cual aprovechan muchos movimientos o grupos ambientalistas y ecologistas en varios pa\u00edses del mundo para realizar campa\u00f1as y actividades informativas o educativas en torno al tema del reciclaje.<\/p>\n<p style=\"text-align: justify;\">Esto con el fin de promover en los habitantes del planeta una mayor responsabilidad, no solo vista desde la perspectiva del ciudadano consumidor, sino de aquel que extrae la materia prima y del que la transforma en un bien de consumo.<\/p>\n<p style=\"text-align: justify;\">Este d\u00eda es un buen momento para que la familia empiece a asumir uno de los h\u00e1bitos m\u00e1s importantes para el futuro de la humanidad. Tomar conciencia de los deberes inherentes que nos son requeridos frente a nuestros h\u00e1bitos de consumo, para superar los da\u00f1os que estamos causando permanentemente a la Madre Tierra.<\/p>\n<p><strong>\u00bfQu\u00e9 es el Reciclaje?<\/strong><\/p>\n<p style=\"text-align: justify;\">El <b>reciclaje<\/b> es un proceso cuyo objetivo es convertir <a title=\"Basura\" href=\"http:\/\/es.wikipedia.org\/wiki\/Basura\">desechos<\/a> en nuevos productos para prevenir el desuso de materiales potencialmente \u00fatiles, reducir el consumo de nueva materia prima, reducir el uso de energ\u00eda, reducir la contaminaci\u00f3n del aire (a trav\u00e9s de la incineraci\u00f3n) y del agua (a trav\u00e9s de los vertederos) por medio de la reducci\u00f3n de la necesidad de los sistemas de desechos convencionales, as\u00ed como tambi\u00e9n disminuir las emisiones de gases de efecto invernadero en comparaci\u00f3n con la producci\u00f3n de pl\u00e1sticos. El reciclaje es un componente clave en la reducci\u00f3n de desechos contempor\u00e1neos y es el tercer componente de las <strong>3R<\/strong> (<strong>\u201cReducir, Reutilizar, Recicla<\/strong>r\u201d).<\/p>\n<p style=\"text-align: justify;\">Los materiales reciclables incluyen varios tipos de vidrio, papel, metal, pl\u00e1stico, telas y componentes electr\u00f3nicos. En muchos casos no es posible llevar a cabo un reciclaje en el sentido estricto debido a la dificultad o costo del proceso, de modo que suele reutilizarse el material o los productos para producir otros materiales. Tambi\u00e9n es posible realizar un salvamento de componentes de ciertos productos complejos, ya sea por su valor intr\u00ednseco o por su naturaleza peligrosa.<\/p>\n<p>Seguir leyendo:<a href=\"http:\/\/www.azulambientalistas.org\/Dia%20Internacional%20del%20Reciclaje.html\"> http:\/\/www.azulambientalistas.org\/Dia%20Internacional%20del%20Reciclaje.html<\/a><\/p>\n","protected":false},"excerpt":{"rendered":"<p>En muchos pa\u00edses del mundo se celebra el 17 de Mayo el D\u00eda Internacional del Reciclaje. Oportunidad para recordar la estrategia de Reducir, Reutilizar y Reciclar, que busca reorientar el comportamiento de todos los ciudadanos con vista a mejorar el gran flagelo del Siglo XXI, los residuos s\u00f3lidos urbanos.<a href=\"https:\/\/19bis.com\/objectbis\/17-de-mayo-dia-mundial-del-reciclaje-que-es-el-reciclaje\/\" title=\"Continue reading &laquo;17 DE MAYO D\u00cdA MUNDIAL DEL RECICLAJE \u00bfQU\u00c9 ES EL RECICLAJE?&raquo;\" class=\"more-link\">Continue reading &laquo;17 DE MAYO D\u00cdA MUNDIAL DEL RECICLAJE \u00bfQU\u00c9 ES EL RECICLAJE?&raquo;<\/a><\/p>\n","protected":false},"author":2,"featured_media":0,"comment_status":"open","ping_status":"open","sticky":false,"template":"","format":"standard","meta":{"footnotes":""},"categories":[1],"tags":[54,2848,2936,3142,3248],"class_list":["post-6131","post","type-post","status-publish","format-standard","hentry","category-uncategorized","tag-3r","tag-que-es-el-reciclaje","tag-reciclar","tag-reducir","tag-reutilizar","post-preview"],"_links":{"self":[{"href":"https:\/\/19bis.com\/objectbis\/wp-json\/wp\/v2\/posts\/6131","targetHints":{"allow":["GET"]}}],"collection":[{"href":"https:\/\/19bis.com\/objectbis\/wp-json\/wp\/v2\/posts"}],"about":[{"href":"https:\/\/19bis.com\/objectbis\/wp-json\/wp\/v2\/types\/post"}],"author":[{"embeddable":true,"href":"https:\/\/19bis.com\/objectbis\/wp-json\/wp\/v2\/users\/2"}],"replies":[{"embeddable":true,"href":"https:\/\/19bis.com\/objectbis\/wp-json\/wp\/v2\/comments?post=6131"}],"version-history":[{"count":0,"href":"https:\/\/19bis.com\/objectbis\/wp-json\/wp\/v2\/posts\/6131\/revisions"}],"wp:attachment":[{"href":"https:\/\/19bis.com\/objectbis\/wp-json\/wp\/v2\/media?parent=6131"}],"wp:term":[{"taxonomy":"category","embeddable":true,"href":"https:\/\/19bis.com\/objectbis\/wp-json\/wp\/v2\/categories?post=6131"},{"taxonomy":"post_tag","embeddable":true,"href":"https:\/\/19bis.com\/objectbis\/wp-json\/wp\/v2\/tags?post=6131"}],"curies":[{"name":"wp","href":"https:\/\/api.w.org\/{rel}","templated":true}]}}