{"id":6368,"date":"2014-06-20T22:27:50","date_gmt":"2014-06-20T20:27:50","guid":{"rendered":"http:\/\/19bis.com\/objectbis\/?p=6368"},"modified":"2014-06-20T22:27:50","modified_gmt":"2014-06-20T20:27:50","slug":"fantasized-objetos-de-diseno-con-ventiladores-reciclados","status":"publish","type":"post","link":"https:\/\/19bis.com\/objectbis\/2014\/06\/20\/disenadores\/fantasized-objetos-de-diseno-con-ventiladores-reciclados\/","title":{"rendered":"FANtasized, objetos de dise\u00f1o con ventiladores reciclados"},"content":{"rendered":"<p style=\"text-align: justify;\"><img loading=\"lazy\" decoding=\"async\" class=\"aligncenter size-full wp-image-6373\" src=\"http:\/\/19bis.com\/objectbis\/wp-content\/uploads\/2014\/06\/COMPOventilador.jpg\" alt=\"COMPOventilador\" width=\"454\" height=\"260\" \/><\/p>\n<p style=\"text-align: justify;\">Todos los productos est\u00e1n hechos a mano. En su belleza de estructuras de metal con mimbre entrelazado cuesta sospechar que el material principal para los <strong>fruteros, l\u00e1mparas, asientos y mesitas<\/strong> estaba destinado (en el mejor de los casos) a permanecer para siempre en un vertedero.<!--more--><\/p>\n<p style=\"text-align: justify;\"><img loading=\"lazy\" decoding=\"async\" class=\"aligncenter size-full wp-image-6372\" src=\"http:\/\/19bis.com\/objectbis\/wp-content\/uploads\/2014\/06\/lampara-ventilador.jpg\" alt=\"lampara-ventilador\" width=\"454\" height=\"454\" \/><\/p>\n<p style=\"text-align: justify;\">El belga<a href=\"http:\/\/sepverboom.blogspot.be\/\"> Sep Verboom<\/a> (Gante, 1990) empez\u00f3 con s\u00f3lo 21 a\u00f1os a desarrollar <a href=\"http:\/\/www.fantasized.eu\/\">FANtasized<\/a> (Fantaseado, un t\u00edtulo que juega con el t\u00e9rmino ingl\u00e9s fan, ventilador). La iniciativa da una salida funcional y est\u00e9tica a las<strong> carcasas met\u00e1licas protectoras de los ventiladores,<\/strong> pero no es s\u00f3lo un experimento de dise\u00f1o basado en el reciclaje, sino una manera de demostrar que adem\u00e1s el dise\u00f1o puede <strong>beneficiar a entornos sociales<\/strong> que parecen no tener cabida en el impoluto mundo del objeto bonito.<\/p>\n<p><img loading=\"lazy\" decoding=\"async\" class=\"aligncenter size-full wp-image-6371\" src=\"http:\/\/19bis.com\/objectbis\/wp-content\/uploads\/2014\/06\/ventilador-lampara.jpg\" alt=\"ventilador-lampara\" width=\"454\" height=\"454\" \/><\/p>\n<p style=\"text-align: justify;\">Fan Lamp Bogo &#8211; FANtasizedPara el dise\u00f1ador fue fundamental conocer a la<a href=\"http:\/\/www.cebucity.gov.ph\/cityofficials\/legislative\/91-hon-ma-nida-c-cabrera\"> ecologista social filipina Nida Cabrera<\/a> (1955), involucrada adem\u00e1s en proyectos con la desigualdad y la pobreza en su pa\u00eds y una de las representantes de la Comisi\u00f3n Nacional Antipobreza (NAPC) en la ciudad de Ceb\u00fa, en la costa oriental de la isla de Ceb\u00fa (Filipinas). La urbe es el segundo centro econ\u00f3mico y comercial del pa\u00eds tras Manila y se enfrenta a un gran <strong>problema de tratamiento de residuos.<\/strong> En los vertederos se amontona basura sin separar y urge aplicar programas de reciclaje.<\/p>\n<p style=\"text-align: justify;\">Verboom se asoci\u00f3 con Cabrera para adquirir las carcasas de ventiladores en chatarrer\u00edas de la ciudad de Ceb\u00fa y ponerse en contacto con artesanos locales para que aplicaran las t\u00e9cnicas <strong>tradicionales de cester\u00eda<\/strong> al nuevo material. Incluso el mimbre es reciclado: son desechos de una f\u00e1brica de sillas.<\/p>\n<p style=\"text-align: justify;\">Creando talleres que adem\u00e1s fomentan la colaboraci\u00f3n vecinal en un mismo proyecto y proporcionando trabajos a los artesanos, FANtasized cierra un c\u00edrculo que demuestra que las peque\u00f1as acciones locales provocan cambios significativos.<\/p>\n<p style=\"text-align: justify;\">V\u00eda:<a href=\"http:\/\/blogs.20minutos.es\/trasdos\/2014\/06\/20\/diseno-ventiladores-reciclaje-fantasized\/\">http:\/\/blogs.20minutos.es<\/a><\/p>\n","protected":false},"excerpt":{"rendered":"<p>Todos los productos est\u00e1n hechos a mano. En su belleza de estructuras de metal con mimbre entrelazado cuesta sospechar que el material principal para los fruteros, l\u00e1mparas, asientos y mesitas estaba destinado (en el mejor de los casos) a permanecer para siempre en un vertedero.<a href=\"https:\/\/19bis.com\/objectbis\/fantasized-objetos-de-diseno-con-ventiladores-reciclados\/\" title=\"Continue reading &laquo;FANtasized, objetos de dise\u00f1o con ventiladores reciclados&raquo;\" class=\"more-link\">Continue reading &laquo;FANtasized, objetos de dise\u00f1o con ventiladores reciclados&raquo;<\/a><\/p>\n","protected":false},"author":2,"featured_media":0,"comment_status":"open","ping_status":"open","sticky":false,"template":"","format":"standard","meta":{"footnotes":""},"categories":[7,8,10],"tags":[604,2936,3798],"class_list":["post-6368","post","type-post","status-publish","format-standard","hentry","category-disenadores","category-eco-diseno","category-eco-noticias","tag-carcasas-metalicas","tag-reciclar","tag-ventilador","post-preview"],"_links":{"self":[{"href":"https:\/\/19bis.com\/objectbis\/wp-json\/wp\/v2\/posts\/6368","targetHints":{"allow":["GET"]}}],"collection":[{"href":"https:\/\/19bis.com\/objectbis\/wp-json\/wp\/v2\/posts"}],"about":[{"href":"https:\/\/19bis.com\/objectbis\/wp-json\/wp\/v2\/types\/post"}],"author":[{"embeddable":true,"href":"https:\/\/19bis.com\/objectbis\/wp-json\/wp\/v2\/users\/2"}],"replies":[{"embeddable":true,"href":"https:\/\/19bis.com\/objectbis\/wp-json\/wp\/v2\/comments?post=6368"}],"version-history":[{"count":0,"href":"https:\/\/19bis.com\/objectbis\/wp-json\/wp\/v2\/posts\/6368\/revisions"}],"wp:attachment":[{"href":"https:\/\/19bis.com\/objectbis\/wp-json\/wp\/v2\/media?parent=6368"}],"wp:term":[{"taxonomy":"category","embeddable":true,"href":"https:\/\/19bis.com\/objectbis\/wp-json\/wp\/v2\/categories?post=6368"},{"taxonomy":"post_tag","embeddable":true,"href":"https:\/\/19bis.com\/objectbis\/wp-json\/wp\/v2\/tags?post=6368"}],"curies":[{"name":"wp","href":"https:\/\/api.w.org\/{rel}","templated":true}]}}