{"id":723,"date":"2008-10-14T20:12:04","date_gmt":"2008-10-14T14:12:04","guid":{"rendered":"http:\/\/19bis.com\/objectbis\/2008\/10\/14\/uncategorized\/casa-pasarela-del-12-al-15-de-febrero.-casa-verde\/"},"modified":"2008-10-14T20:12:04","modified_gmt":"2008-10-14T14:12:04","slug":"casa-pasarela-del-12-al-15-de-febrero-casa-verde","status":"publish","type":"post","link":"https:\/\/19bis.com\/objectbis\/2008\/10\/14\/eco-noticias\/casa-pasarela-del-12-al-15-de-febrero-casa-verde\/","title":{"rendered":"CASA PASARELA 2009 DEL 12 AL 15 DE FEBRERO. CASA VERDE"},"content":{"rendered":"<p><a href=\"http:\/\/19bis.com\/objectbis\/wp-content\/uploads\/2008\/10\/casapasarela09.jpg\" title=\"CASA PASARELA DEL 12 AL 15 DE FEBRERO. CASA VERDE. ecodise\u00f1o\"><\/a><a href=\"http:\/\/19bis.com\/objectbis\/wp-content\/uploads\/2008\/10\/casapasarela09.jpg\" title=\"CASA PASARELA DEL 12 AL 15 DE FEBRERO. CASA VERDE. ecodise\u00f1o\"><\/a><a href=\"http:\/\/19bis.com\/objectbis\/wp-content\/uploads\/2008\/10\/casapasarela09.jpg\" title=\"CASA PASARELA DEL 12 AL 15 DE FEBRERO. CASA VERDE. ecodise\u00f1o\"><\/a><\/p>\n<p style=\"text-align: center\"><img decoding=\"async\" src=\"http:\/\/19bis.com\/objectbis\/wp-content\/uploads\/2008\/10\/casapasarela09.thumbnail.jpg\" alt=\"CASA PASARELA DEL 12 AL 15 DE FEBRERO. CASA VERDE. ecodise\u00f1o\" \/><\/p>\n<p>En esta quinta edici\u00f3n <a target=\"_blank\" href=\"http:\/\/www.ifema.es\/ferias\/casapasarela\/default.html\" title=\"casa pasarela\"><strong>CASA PASARELA<\/strong><\/a>\u00a0contin\u00faa\u00a0como en la <a target=\"_blank\" href=\"http:\/\/19bis.com\/objectbis\/2008\/01\/30\/eco-noticias\/casa-pasarela-econciencia-ecodiseno-y-ahorro-energetico\/\" title=\"casa pasarela 2008\"><strong>edici\u00f3n anterior<\/strong><\/a>\u00a0promocionando el dise\u00f1o ecol\u00f3gico.<br \/>\nEl ecodise\u00f1o ha dejado de ser un futurible para convertirse en una realidad, una parte importante del hogar de hoy, que adquiere un papel clave con los nuevos usos y costumbres. Prueba de ello es la progresiva evoluci\u00f3n de las<!--more-->\u00a0nuevas propuestas de electrodom\u00e9sticos, ba\u00f1os o la alta tecnolog\u00eda hacia un mayor respeto por el entorno y la sostenibilidad.<\/p>\n<p><a target=\"_blank\" href=\"http:\/\/www.ifema.es\/ferias\/casapasarela\/default.html\" title=\"casa pasarela\">CASA PASARELA\u00a0<\/a>recoge esta tendencia en su nuevo espacio Ecoh\u00e1bitat, concebido para la promoci\u00f3n y difusi\u00f3n de las propuestas de las empresas lideres vinculadas a los proyectos Eco. En este mismo marco se presentar\u00e1 la segunda edici\u00f3n de Econciencia que, con el patrocinio de IDAE (Instituto para la Diversificaci\u00f3n y Ahorro de la Energ\u00eda), se orienta a impulsar la concienciaci\u00f3n en el ahorro energ\u00e9tico. En ella se reunir\u00e1n creadores especializados de este \u00e1mbito, con sus proyectos enfocados a los distintos aspectos de la vivienda.<\/p>\n<p><span class=\"noticiatexto\">Entre los d\u00edas 12 y 15 de febrero de 2009, el pabell\u00f3n 4 de la FERIA DE MADRID ser\u00e1 escenario de celebraci\u00f3n de CASA PASARELA, Pasarela de la Vanguardia para del H\u00e1bitat,\u00a0consolidada como el principal referente de dise\u00f1o para el equipamiento integral del h\u00e1bitat.<\/span><\/p>\n<p><span class=\"noticiatexto\">V\u00eda: <a target=\"_blank\" href=\"http:\/\/www.infurma.es\/es\/novedades\/noticia\/21902.es.html\" title=\"infurma\">http:\/\/www.infurma.es\/es\/novedades\/noticia\/21902.es.html<\/a><\/span><\/p>\n","protected":false},"excerpt":{"rendered":"<p>En esta quinta edici\u00f3n CASA PASARELA\u00a0contin\u00faa\u00a0como en la edici\u00f3n anterior\u00a0promocionando el dise\u00f1o ecol\u00f3gico. El ecodise\u00f1o ha dejado de ser un futurible para convertirse en una realidad, una parte importante del hogar de hoy, que adquiere un papel clave con los nuevos usos y costumbres. Prueba de ello es la progresiva evoluci\u00f3n de las<a href=\"https:\/\/19bis.com\/objectbis\/casa-pasarela-del-12-al-15-de-febrero-casa-verde\/\" title=\"Continue reading &laquo;CASA PASARELA 2009 DEL 12 AL 15 DE FEBRERO. CASA VERDE&raquo;\" class=\"more-link\">Continue reading &laquo;CASA PASARELA 2009 DEL 12 AL 15 DE FEBRERO. CASA VERDE&raquo;<\/a><\/p>\n","protected":false},"author":2,"featured_media":0,"comment_status":"open","ping_status":"open","sticky":false,"template":"","format":"standard","meta":{"footnotes":""},"categories":[10],"tags":[114,664,670,1034,1170,1300,1925,2824,3780],"class_list":["post-723","post","type-post","status-publish","format-standard","hentry","category-eco-noticias","tag-ahorro-de-la-energia","tag-casa-pasarela-2009","tag-casa-verde","tag-decoracion","tag-diseno-ecologico","tag-ecodiseno","tag-interiorismos","tag-proyectos-eco","tag-vanguardia-para-el-hogar","post-preview"],"_links":{"self":[{"href":"https:\/\/19bis.com\/objectbis\/wp-json\/wp\/v2\/posts\/723","targetHints":{"allow":["GET"]}}],"collection":[{"href":"https:\/\/19bis.com\/objectbis\/wp-json\/wp\/v2\/posts"}],"about":[{"href":"https:\/\/19bis.com\/objectbis\/wp-json\/wp\/v2\/types\/post"}],"author":[{"embeddable":true,"href":"https:\/\/19bis.com\/objectbis\/wp-json\/wp\/v2\/users\/2"}],"replies":[{"embeddable":true,"href":"https:\/\/19bis.com\/objectbis\/wp-json\/wp\/v2\/comments?post=723"}],"version-history":[{"count":0,"href":"https:\/\/19bis.com\/objectbis\/wp-json\/wp\/v2\/posts\/723\/revisions"}],"wp:attachment":[{"href":"https:\/\/19bis.com\/objectbis\/wp-json\/wp\/v2\/media?parent=723"}],"wp:term":[{"taxonomy":"category","embeddable":true,"href":"https:\/\/19bis.com\/objectbis\/wp-json\/wp\/v2\/categories?post=723"},{"taxonomy":"post_tag","embeddable":true,"href":"https:\/\/19bis.com\/objectbis\/wp-json\/wp\/v2\/tags?post=723"}],"curies":[{"name":"wp","href":"https:\/\/api.w.org\/{rel}","templated":true}]}}