{"id":8265,"date":"2015-02-17T13:34:52","date_gmt":"2015-02-17T11:34:52","guid":{"rendered":"http:\/\/19bis.com\/objectbis\/?p=8265"},"modified":"2015-02-17T13:34:52","modified_gmt":"2015-02-17T11:34:52","slug":"convocatoria-para-el-diseno-la-realizacion-del-mobiliario-de-la-feria-libros-mutantes-en-la-casa-encendida","status":"publish","type":"post","link":"https:\/\/19bis.com\/objectbis\/2015\/02\/17\/reciclaje-creativo\/convocatoria-para-el-diseno-la-realizacion-del-mobiliario-de-la-feria-libros-mutantes-en-la-casa-encendida\/","title":{"rendered":"Convocatoria para el dise\u00f1o y la realizaci\u00f3n del mobiliario de la feria Libros Mutantes en La Casa Encendida"},"content":{"rendered":"<p><img loading=\"lazy\" decoding=\"async\" class=\"aligncenter size-full wp-image-8267\" src=\"http:\/\/19bis.com\/objectbis\/wp-content\/uploads\/2015\/02\/libros-mutantes-2.jpg\" alt=\"libros-mutantes-2\" width=\"482\" height=\"189\" \/><br \/>\nLa pr\u00f3xima edici\u00f3n de la feria editorial <strong>Libros Mutantes<\/strong>\u00a0 tendr\u00e1 lugar entre el 24 y el 26 de abril de 2015 en el <strong>Patio Central de La Casa Encendida de Madrid<\/strong>. Es necesario dise\u00f1ar y elaborar mobiliario para 35 participantes que deber\u00e1n compartir un mismo espacio: el Patio Central de La Casa Encendida.<br \/>\nFecha l\u00edmite de entrega de proyectos: 5 de marzo de 2015<br \/>\n<!--more--><\/p>\n<div data-canvas-width=\"290.4194999999999\"><span style=\"color: #99cc00;\"><strong>Valoraran la consideraci\u00f3n de los siguientes criterios:<\/strong><\/span><\/div>\n<div data-canvas-width=\"102.73500000000001\"><strong>Sostenibilidad.<\/strong><\/div>\n<div data-canvas-width=\"264.042\"><strong>Reciclaje o reutilizaci\u00f3n de materiales.<\/strong><\/div>\n<div data-canvas-width=\"97.01849999999999\"><strong>Do it Yourself.<\/strong><\/div>\n<div data-canvas-width=\"177.9\"><strong>Procedimientos manuales.<\/strong><\/div>\n<div data-canvas-width=\"129.32999999999996\"><strong>Dise\u00f1o inteligente.<\/strong><\/div>\n<div data-canvas-width=\"170.62499999999997\"><strong>Origen de los materiales<\/p>\n<p><\/strong><strong><a href=\"http:\/\/librosmutantes.com\/downloads\/Bases_Muebles_de_patio_2015.pdf\" target=\"_blank\">Descargar bases<\/p>\n<p><\/a><\/strong><img loading=\"lazy\" decoding=\"async\" class=\"aligncenter size-full wp-image-8268\" src=\"http:\/\/19bis.com\/objectbis\/wp-content\/uploads\/2015\/02\/libros-mutantes-a.jpg\" alt=\"libros-mutantes-a\" width=\"283\" height=\"401\" \/><\/div>\n","protected":false},"excerpt":{"rendered":"<p>La pr\u00f3xima edici\u00f3n de la feria editorial Libros Mutantes\u00a0 tendr\u00e1 lugar entre el 24 y el 26 de abril de 2015 en el Patio Central de La Casa Encendida de Madrid. Es necesario dise\u00f1ar y elaborar mobiliario para 35 participantes que deber\u00e1n compartir un mismo espacio: el Patio Central de La Casa Encendida. Fecha l\u00edmite [&hellip;]<a href=\"https:\/\/19bis.com\/objectbis\/convocatoria-para-el-diseno-la-realizacion-del-mobiliario-de-la-feria-libros-mutantes-en-la-casa-encendida\/\" title=\"Continue reading &laquo;Convocatoria para el dise\u00f1o y la realizaci\u00f3n del mobiliario de la feria Libros Mutantes en La Casa Encendida&raquo;\" class=\"more-link\">Continue reading &laquo;Convocatoria para el dise\u00f1o y la realizaci\u00f3n del mobiliario de la feria Libros Mutantes en La Casa Encendida&raquo;<\/a><\/p>\n","protected":false},"author":2,"featured_media":0,"comment_status":"open","ping_status":"open","sticky":false,"template":"","format":"standard","meta":{"footnotes":""},"categories":[16,18],"tags":[836,894,1178,2546,3506],"class_list":["post-8265","post","type-post","status-publish","format-standard","hentry","category-reciclaje-creativo","category-tutoriales-hazlo-tu-mismo","tag-concurso","tag-convocatoria","tag-diseno-inteligente","tag-origen","tag-sostenibilidad","post-preview"],"_links":{"self":[{"href":"https:\/\/19bis.com\/objectbis\/wp-json\/wp\/v2\/posts\/8265","targetHints":{"allow":["GET"]}}],"collection":[{"href":"https:\/\/19bis.com\/objectbis\/wp-json\/wp\/v2\/posts"}],"about":[{"href":"https:\/\/19bis.com\/objectbis\/wp-json\/wp\/v2\/types\/post"}],"author":[{"embeddable":true,"href":"https:\/\/19bis.com\/objectbis\/wp-json\/wp\/v2\/users\/2"}],"replies":[{"embeddable":true,"href":"https:\/\/19bis.com\/objectbis\/wp-json\/wp\/v2\/comments?post=8265"}],"version-history":[{"count":0,"href":"https:\/\/19bis.com\/objectbis\/wp-json\/wp\/v2\/posts\/8265\/revisions"}],"wp:attachment":[{"href":"https:\/\/19bis.com\/objectbis\/wp-json\/wp\/v2\/media?parent=8265"}],"wp:term":[{"taxonomy":"category","embeddable":true,"href":"https:\/\/19bis.com\/objectbis\/wp-json\/wp\/v2\/categories?post=8265"},{"taxonomy":"post_tag","embeddable":true,"href":"https:\/\/19bis.com\/objectbis\/wp-json\/wp\/v2\/tags?post=8265"}],"curies":[{"name":"wp","href":"https:\/\/api.w.org\/{rel}","templated":true}]}}