{"id":838,"date":"2008-11-14T00:49:20","date_gmt":"2008-11-13T18:49:20","guid":{"rendered":"http:\/\/19bis.com\/objectbis\/2008\/11\/14\/eco-noticias\/primera-edicion-del-festival-de-arte-y-reciclaje-en-asturias\/"},"modified":"2008-11-14T00:49:20","modified_gmt":"2008-11-13T18:49:20","slug":"primera-edicion-del-festival-de-arte-y-reciclaje-en-asturias","status":"publish","type":"post","link":"https:\/\/19bis.com\/objectbis\/2008\/11\/14\/eco-noticias\/primera-edicion-del-festival-de-arte-y-reciclaje-en-asturias\/","title":{"rendered":"PRIMERA EDICI\u00d3N DEL FESTIVAL DE ARTE Y RECICLAJE  EN ASTURIAS"},"content":{"rendered":"<p align=\"center\"><a href=\"http:\/\/19bis.com\/objectbis\/wp-content\/uploads\/2008\/11\/mueblebanar.jpg\" title=\"PRIMERA EDICI\u00d3N DEL FESTIVAL DE ARTE Y RECICLAJE  EN ASTURIAS\"><\/a><a href=\"http:\/\/19bis.com\/objectbis\/wp-content\/uploads\/2008\/11\/lamparabujia.jpg\" title=\"PRIMERA EDICI\u00d3N  DEL FESTIVAL DE ARTE Y RECICLAJE  EN ASTURIAS\"><img decoding=\"async\" src=\"http:\/\/19bis.com\/objectbis\/wp-content\/uploads\/2008\/11\/lamparabujia.thumbnail.jpg\" alt=\"PRIMERA EDICI\u00d3N  DEL FESTIVAL DE ARTE Y RECICLAJE  EN ASTURIAS\" \/><\/a><\/p>\n<p align=\"left\">El concepto de la reutilizaci\u00f3n es algo a tener muy en cuenta en tiempos de crisis\u00bb, dec\u00eda s\u00f3lo unos d\u00edas atr\u00e1s la directora de Laboral Centro de Arte y Creaci\u00f3n Industrial, Rosina G\u00f3mez-Baeza.<\/p>\n<p><a href=\"http:\/\/19bis.com\/objectbis\/wp-content\/uploads\/2008\/11\/mueblebanar.jpg\" title=\"PRIMERA EDICI\u00d3N DEL FESTIVAL DE ARTE Y RECICLAJE  EN ASTURIAS\"><\/a><a href=\"http:\/\/19bis.com\/objectbis\/wp-content\/uploads\/2008\/11\/mueblebanar.jpg\" title=\"PRIMERA EDICI\u00d3N DEL FESTIVAL DE ARTE Y RECICLAJE  EN ASTURIAS\"><\/a><a href=\"http:\/\/19bis.com\/objectbis\/wp-content\/uploads\/2008\/11\/mueblebanar.jpg\" title=\"PRIMERA EDICI\u00d3N DEL FESTIVAL DE ARTE Y RECICLAJE  EN ASTURIAS\"><\/a><a href=\"http:\/\/19bis.com\/objectbis\/wp-content\/uploads\/2008\/11\/mueblebanar.jpg\" title=\"PRIMERA EDICI\u00d3N DEL FESTIVAL DE ARTE Y RECICLAJE  EN ASTURIAS\"><\/a><a href=\"http:\/\/19bis.com\/objectbis\/wp-content\/uploads\/2008\/11\/mueblebanar.jpg\" title=\"PRIMERA EDICI\u00d3N DEL FESTIVAL DE ARTE Y RECICLAJE  EN ASTURIAS\"><\/p>\n<p style=\"text-align: center\"><img decoding=\"async\" src=\"http:\/\/19bis.com\/objectbis\/wp-content\/uploads\/2008\/11\/mueblebanar.thumbnail.jpg\" alt=\"PRIMERA EDICI\u00d3N DEL FESTIVAL DE ARTE Y RECICLAJE  EN ASTURIAS\" \/><\/p>\n<p><\/a><\/p>\n<p align=\"left\">Parece obvio que la desaceleraci\u00f3n obliga a poner en marcha la m\u00e1quina de pensar para sacar partido de todo, dando utilidad, incluso, a lo que ya ocupa lugar sin privilegios en la basura. Y en este juego de inversi\u00f3n de papeles, al que, en realidad, con depresi\u00f3n econ\u00f3mica o sin ella, se han dedicado los hombres y mujeres del<!--more-->\u00a0universo creativo casi desde siempre, se centra el Festival de Arte y Reciclaje que abre hoy su primera edici\u00f3n en Asturias, precisamente para demostrar c\u00f3mo se puede dar un destino extraordinario a lo aparentemente in\u00fatil. Y no se trata s\u00f3lo de convertir una buj\u00eda fallecida en el codo de una escultura, ni un tronco de madera rescatado de la quema en parte del alma de una pieza de arte.<\/p>\n<p class=\"p\">La cita que se convoca hoy en diferentes escenarios de Laboral Ciudad de la Cultura con un programa que culminar\u00e1 pasado ma\u00f1ana, ofrece la oportunidad de conocer, incluso de participar del propio proceso de creaci\u00f3n, art\u00edculos de todo tipo, desde mobiliario, hasta bisuter\u00eda, pasando por instrumentos musicales o textos literarios y todos engendrados a partir de objetos de desecho. Una ba\u00f1era partida por el tiempo, es ahora un conjunto de mesa y silla gracias a Sergio Morales y Eduardo Naves, dos de los seis asturianos que acuden a la propuesta &#8216;Arte en vivo. Un tambor de lavadora destinado a residuo se ha convertido en una peculiar l\u00e1mpara de dise\u00f1o en las manos de Nano M\u00e9ndez, tambi\u00e9n de la tierra. Dani, otro dise\u00f1ador asturiano, despierta labores de adorno en viejos tenedores, que el llama, una vez transformados, &#8216;Descubiertos&#8217;. Son cientos los ejemplos y aunque no estar\u00e1n todos en el gigante arquitect\u00f3nico que levant\u00f3 Moll\u00e1, la representaci\u00f3n, seleccionada por Cogersa (Consorcio para la Gesti\u00f3n de Residuos en Asturias) para celebra su 25 aniversario, no puede ser m\u00e1s heterog\u00e9nea.<\/p>\n<p class=\"p\"><strong class=\"strong\">Mercadillo <\/strong><\/p>\n<p class=\"p\">Bajo una carpa, en mitad del patio de la renovada universidad, adem\u00e1s del programa &#8216;Arte en vivo&#8217;, se abrir\u00e1 un mercadillo de reciclaje en el que participar\u00e1n otros diez creadores, de \u00e9sta y otras comunidades, mostrando objetos con un \u00abclaro compromiso con el medio ambiente\u00bb. Bisuter\u00eda a base de restos de metal, papel o cart\u00f3n y otros materiales extra\u00eddos de la papelera; muebles realizados a partir de cajas de fruta, pal\u00e9s o chatarra inform\u00e1tica; bolsos y maletines elaborados con banderolas de lona; hasta juguetes creados con viejas latas de bebida se dan cita en este especial zoco de venta al p\u00fablico.<\/p>\n<p class=\"p\">En el mismo espacio se abrir\u00e1n talleres de collares, pulseras, instrumentos musicales e, incluso, de customizaci\u00f3n para reutilizar no solo viejas prendas de ropa, sino tambi\u00e9n bolsos, carteras y complementos de todo tipo. Hasta mu\u00f1ecos.<\/p>\n<p class=\"p\">El Festival que cerrar\u00e1 pasado ma\u00f1ana con teatro y moda, en la iglesia, tendr\u00e1 tambi\u00e9n encuentros con otras disciplinas del arte. Hoy mismo, en el paraninfo de la Laboral, la compa\u00f1\u00eda catalana La C\u00f3nica Lac\u00f3nica, pondr\u00e1 en escena &#8216;Ombres d&#8217;Objectes trobats&#8217;, un espect\u00e1culo de luz, sombras y sonido, basado en la manipulaci\u00f3n de objetos cotidianos, reutilizados despu\u00e9s de su hallazgo en cubos de basura en mitad de la ciudad.<\/p>\n<p class=\"p\">La intenci\u00f3n es reunir a artistas, artesanos y dise\u00f1adores de todas partes para hacer \u00abreflexionar a la sociedad sobre el tratamiento y la reducci\u00f3n de residuos en un contexto de desarrollo sostenible\u00bb. Tal es la preocupaci\u00f3n, que adem\u00e1s de exhibiciones y talleres, se ha convocado la III Red de Escuelas de Reciclaje.<\/p>\n<p class=\"p\"><strong class=\"strong\">Exposiciones <\/strong><\/p>\n<p class=\"p\">Por otro lado, la muestra de creaciones no se acaba en los puestos del mercadillo. En el vest\u00edbulo del teatro se abrir\u00e1 tambi\u00e9n hoy una exposici\u00f3n titulada &#8216;Reciclarte&#8217;, que re\u00fane las obras participantes en el certamen del mismo nombre. Y no es la \u00fanica. En el patio se montar\u00e1n otras dos, &#8216;Las latas tienen muchas vidas&#8217;, con los dise\u00f1os de los participantes en Motiva 08. y &#8216;La puerta&#8217;. una exposici\u00f3n de arte ciudadano que logr\u00f3 transformar una serie de puertas y ventanas apiladas entre los trastos de una antigua cl\u00ednica militar de Ciempozuelos, en un perfecto ejemplo de arte que definen en cada poro de sus maderas recicladas el reto de este festival.<\/p>\n<p class=\"p\">V\u00eda: <a target=\"_blank\" href=\"http:\/\/www.elcomerciodigital.com\/gijon\/20081113\/cultura\/arte-sale-basura-20081113.html\" title=\"elcomerciodigital\">elcomerciodigital<\/a><\/p>\n","protected":false},"excerpt":{"rendered":"<p>El concepto de la reutilizaci\u00f3n es algo a tener muy en cuenta en tiempos de crisis\u00bb, dec\u00eda s\u00f3lo unos d\u00edas atr\u00e1s la directora de Laboral Centro de Arte y Creaci\u00f3n Industrial, Rosina G\u00f3mez-Baeza. Parece obvio que la desaceleraci\u00f3n obliga a poner en marcha la m\u00e1quina de pensar para sacar partido de todo, dando utilidad, incluso, [&hellip;]<a href=\"https:\/\/19bis.com\/objectbis\/primera-edicion-del-festival-de-arte-y-reciclaje-en-asturias\/\" title=\"Continue reading &laquo;PRIMERA EDICI\u00d3N DEL FESTIVAL DE ARTE Y RECICLAJE  EN ASTURIAS&raquo;\" class=\"more-link\">Continue reading &laquo;PRIMERA EDICI\u00d3N DEL FESTIVAL DE ARTE Y RECICLAJE  EN ASTURIAS&raquo;<\/a><\/p>\n","protected":false},"author":2,"featured_media":0,"comment_status":"open","ping_status":"open","sticky":false,"template":"","format":"standard","meta":{"footnotes":""},"categories":[10],"tags":[442,1170,1291,1300,2065,2377,2807,2919,2936,3248],"class_list":["post-838","post","type-post","status-publish","format-standard","hentry","category-eco-noticias","tag-bisuteria-de-reciclaje","tag-diseno-ecologico","tag-ecodesing","tag-ecodiseno","tag-lampara-de-tambor-de-una-lavadora","tag-muebles-banera","tag-primera-edicion-festival-de-arte-y-reciclaje-en-asturias","tag-reciclaje-artistico","tag-reciclar","tag-reutilizar","post-preview"],"_links":{"self":[{"href":"https:\/\/19bis.com\/objectbis\/wp-json\/wp\/v2\/posts\/838","targetHints":{"allow":["GET"]}}],"collection":[{"href":"https:\/\/19bis.com\/objectbis\/wp-json\/wp\/v2\/posts"}],"about":[{"href":"https:\/\/19bis.com\/objectbis\/wp-json\/wp\/v2\/types\/post"}],"author":[{"embeddable":true,"href":"https:\/\/19bis.com\/objectbis\/wp-json\/wp\/v2\/users\/2"}],"replies":[{"embeddable":true,"href":"https:\/\/19bis.com\/objectbis\/wp-json\/wp\/v2\/comments?post=838"}],"version-history":[{"count":0,"href":"https:\/\/19bis.com\/objectbis\/wp-json\/wp\/v2\/posts\/838\/revisions"}],"wp:attachment":[{"href":"https:\/\/19bis.com\/objectbis\/wp-json\/wp\/v2\/media?parent=838"}],"wp:term":[{"taxonomy":"category","embeddable":true,"href":"https:\/\/19bis.com\/objectbis\/wp-json\/wp\/v2\/categories?post=838"},{"taxonomy":"post_tag","embeddable":true,"href":"https:\/\/19bis.com\/objectbis\/wp-json\/wp\/v2\/tags?post=838"}],"curies":[{"name":"wp","href":"https:\/\/api.w.org\/{rel}","templated":true}]}}