{"id":8976,"date":"2015-09-21T18:46:18","date_gmt":"2015-09-21T16:46:18","guid":{"rendered":"http:\/\/19bis.com\/objectbis\/?p=8976"},"modified":"2015-09-21T18:46:18","modified_gmt":"2015-09-21T16:46:18","slug":"lamparas-de-carton","status":"publish","type":"post","link":"https:\/\/19bis.com\/objectbis\/2015\/09\/21\/carton-reciclado-2\/lamparas-de-carton\/","title":{"rendered":"L\u00e1mparas  de cart\u00f3n"},"content":{"rendered":"<p><img loading=\"lazy\" decoding=\"async\" class=\"aligncenter size-full wp-image-8977\" src=\"http:\/\/19bis.com\/objectbis\/wp-content\/uploads\/2015\/09\/lam-car.jpg\" alt=\"lam-car\" width=\"482\" height=\"328\" \/><\/p>\n<p>Hola a tod@s, en el\u00a0 post de hoy os quiero mostrar varios <strong>dise\u00f1os de l\u00e1mparas de cart\u00f3n<\/strong> que me han encantado nada m\u00e1s verlos. El primero es de <strong><a href=\"https:\/\/www.facebook.com\/cartoncartonmurcia\/photos\/a.135246946579631.23147.120041338100192\/739896506114669\/?type=1&amp;theater\" target=\"_blank\">Cart\u00f3ncart\u00f3n ecodise\u00f1o<\/a><\/strong> .<br \/>\n<!--more-->El segundo \u00ab<strong>Tonylight\u00bb<\/strong> es el resultado de varios meses de trabajo del artistas <a href=\"https:\/\/www.facebook.com\/FelixLozal\/photos\/pcb.1025409024150728\/1025405054151125\/?type=1&amp;theater\" target=\"_blank\"><strong>Felix Lozal<\/strong> <\/a>buscando nuevas formas de trabajar el cart\u00f3n.<br \/>\n!Espero que os gusten!<\/p>\n<p><img loading=\"lazy\" decoding=\"async\" class=\"aligncenter size-full wp-image-8979\" src=\"http:\/\/19bis.com\/objectbis\/wp-content\/uploads\/2015\/09\/lam-car2.jpg\" alt=\"lam-car2\" width=\"482\" height=\"381\" \/><\/p>\n","protected":false},"excerpt":{"rendered":"<p>Hola a tod@s, en el\u00a0 post de hoy os quiero mostrar varios dise\u00f1os de l\u00e1mparas de cart\u00f3n que me han encantado nada m\u00e1s verlos. El primero es de Cart\u00f3ncart\u00f3n ecodise\u00f1o .<a href=\"https:\/\/19bis.com\/objectbis\/lamparas-de-carton\/\" title=\"Continue reading &laquo;L\u00e1mparas  de cart\u00f3n&raquo;\" class=\"more-link\">Continue reading &laquo;L\u00e1mparas  de cart\u00f3n&raquo;<\/a><\/p>\n","protected":false},"author":2,"featured_media":0,"comment_status":"open","ping_status":"open","sticky":false,"template":"","format":"standard","meta":{"footnotes":""},"categories":[5,7,8,14],"tags":[630,1300,1386,2571,3715],"class_list":["post-8976","post","type-post","status-publish","format-standard","hentry","category-carton-reciclado-2","category-disenadores","category-eco-diseno","category-nuevas-tendencias","tag-carton","tag-ecodiseno","tag-embalaje","tag-packaging","tag-transporte","post-preview"],"_links":{"self":[{"href":"https:\/\/19bis.com\/objectbis\/wp-json\/wp\/v2\/posts\/8976","targetHints":{"allow":["GET"]}}],"collection":[{"href":"https:\/\/19bis.com\/objectbis\/wp-json\/wp\/v2\/posts"}],"about":[{"href":"https:\/\/19bis.com\/objectbis\/wp-json\/wp\/v2\/types\/post"}],"author":[{"embeddable":true,"href":"https:\/\/19bis.com\/objectbis\/wp-json\/wp\/v2\/users\/2"}],"replies":[{"embeddable":true,"href":"https:\/\/19bis.com\/objectbis\/wp-json\/wp\/v2\/comments?post=8976"}],"version-history":[{"count":0,"href":"https:\/\/19bis.com\/objectbis\/wp-json\/wp\/v2\/posts\/8976\/revisions"}],"wp:attachment":[{"href":"https:\/\/19bis.com\/objectbis\/wp-json\/wp\/v2\/media?parent=8976"}],"wp:term":[{"taxonomy":"category","embeddable":true,"href":"https:\/\/19bis.com\/objectbis\/wp-json\/wp\/v2\/categories?post=8976"},{"taxonomy":"post_tag","embeddable":true,"href":"https:\/\/19bis.com\/objectbis\/wp-json\/wp\/v2\/tags?post=8976"}],"curies":[{"name":"wp","href":"https:\/\/api.w.org\/{rel}","templated":true}]}}