{"id":912,"date":"2008-12-09T23:53:33","date_gmt":"2008-12-09T17:53:33","guid":{"rendered":"http:\/\/19bis.com\/objectbis\/2008\/12\/09\/objetos-con-2%c2%aa-vida\/especial-nanidad-ecologica.-belenes-elaborados-con-material-reciclado\/"},"modified":"2008-12-09T23:53:33","modified_gmt":"2008-12-09T17:53:33","slug":"especial-nanidad-ecologica-belenes-elaborados-con-material-reciclado","status":"publish","type":"post","link":"https:\/\/19bis.com\/objectbis\/2008\/12\/09\/eco-diseno\/especial-nanidad-ecologica-belenes-elaborados-con-material-reciclado\/","title":{"rendered":"ESPECIAL NAVIDAD ECOL\u00d3GICA. BELENES ELABORADOS CON MATERIAL RECICLADO"},"content":{"rendered":"<p align=\"center\"><a title=\"ESPECIAL NANIDAD ECOL\u00d3GICA. BELENES ELABORADOS CON MATERIAL RECICLADO\" href=\"http:\/\/19bis.com\/objectbis\/wp-content\/uploads\/2008\/12\/belenreci2.jpg\"><img decoding=\"async\" src=\"http:\/\/19bis.com\/objectbis\/wp-content\/uploads\/2008\/12\/belenreci2.thumbnail.jpg\" alt=\"ESPECIAL NANIDAD ECOL\u00d3GICA. BELENES ELABORADOS CON MATERIAL RECICLADO\" \/><\/a><\/p>\n<p>Siete piezas del Portal de Bel\u00e9n creados a partir de\u00a0papel de\u00a0peri\u00f3dico reciclado enrollado y pegado, realizado en Filipinas.<br \/>\n<!--more--><\/p>\n<p align=\"center\"><a title=\"ESPECIAL NANIDAD ECOL\u00d3GICA. BELENES ELABORADOS CON MATERIAL REC\" href=\"http:\/\/19bis.com\/objectbis\/wp-content\/uploads\/2008\/12\/belenreci3.jpg\"><img decoding=\"async\" src=\"http:\/\/19bis.com\/objectbis\/wp-content\/uploads\/2008\/12\/belenreci3.thumbnail.jpg\" alt=\"ESPECIAL NANIDAD ECOL\u00d3GICA. BELENES ELABORADOS CON MATERIAL REC\" \/><\/a><\/p>\n<p align=\"left\">Creado por el artista, <a title=\"ARMANDO RAMIREZ\" href=\"http:\/\/www.novica.com\/artistdetail\/index.cfm?faID=4923\" target=\"_blank\">Armando Ram\u00edrez<\/a>. Segunda vida para\u00a0las buj\u00edas, bielas,\u00a0alambre galvanizado, etc. Transform\u00e1ndolos en\u00a0 San Jos\u00e9, el Ni\u00f1o Jes\u00fas, ovejas y el resto de figuritas del bel\u00e9n.\u00a0Ideal para conseguir\u00a0una original eco-decoraci\u00f3n navide\u00f1a.<\/p>\n<p>&nbsp;<\/p>\n<p style=\"text-align: center;\"><a title=\"ESPECIAL NANIDAD ECOL\u00d3GICA. BELENES ELABORADOS CON MATERIAL RECICLADO\" href=\"http:\/\/19bis.com\/objectbis\/wp-content\/uploads\/2008\/12\/belenreci4.jpg\"><img decoding=\"async\" src=\"http:\/\/19bis.com\/objectbis\/wp-content\/uploads\/2008\/12\/belenreci4.thumbnail.jpg\" alt=\"ESPECIAL NANIDAD ECOL\u00d3GICA. BELENES ELABORADOS CON MATERIAL RECICLADO\" \/><\/a><\/p>\n<p align=\"left\">Del reciclado de latas de refresco, tres pieza de este bel\u00e9n\u00a0creado por un grupo de artesanos en Ciudad del Cabo, Sud\u00e1frica<\/p>\n<p style=\"text-align: center;\"><a title=\"ESPECIAL NANIDAD ECOL\u00d3GICA. BELENES ELABORADOS CON MATERIAL RECICLADO\" href=\"http:\/\/19bis.com\/objectbis\/wp-content\/uploads\/2008\/12\/belenreci.jpg\"><img decoding=\"async\" src=\"http:\/\/19bis.com\/objectbis\/wp-content\/uploads\/2008\/12\/belenreci.thumbnail.jpg\" alt=\"ESPECIAL NANIDAD ECOL\u00d3GICA. BELENES ELABORADOS CON MATERIAL RECICLADO\" \/><\/a><\/p>\n<p>V\u00eda: greatgreengoods<\/p>\n","protected":false},"excerpt":{"rendered":"<p>Siete piezas del Portal de Bel\u00e9n creados a partir de\u00a0papel de\u00a0peri\u00f3dico reciclado enrollado y pegado, realizado en Filipinas.<a href=\"https:\/\/19bis.com\/objectbis\/especial-nanidad-ecologica-belenes-elaborados-con-material-reciclado\/\" title=\"Continue reading &laquo;ESPECIAL NAVIDAD ECOL\u00d3GICA. BELENES ELABORADOS CON MATERIAL RECICLADO&raquo;\" class=\"more-link\">Continue reading &laquo;ESPECIAL NAVIDAD ECOL\u00d3GICA. BELENES ELABORADOS CON MATERIAL RECICLADO&raquo;<\/a><\/p>\n","protected":false},"author":2,"featured_media":0,"comment_status":"open","ping_status":"open","sticky":false,"template":"","format":"standard","meta":{"footnotes":""},"categories":[8,9,15],"tags":[398,399,401,400,402,1290,2223,2438,2443,2904],"class_list":["post-912","post","type-post","status-publish","format-standard","hentry","category-eco-diseno","category-eco-ideas","category-objetos-con-2a-vida","tag-belen","tag-belen-de-bujias","tag-belen-de-latas-de-refresco-recicladas","tag-belen-de-periodico","tag-belenes-elaborados-con-material-reciclado","tag-ecodesign","tag-material","tag-navidad","tag-navidad-ecologica","tag-reciclado","post-preview"],"_links":{"self":[{"href":"https:\/\/19bis.com\/objectbis\/wp-json\/wp\/v2\/posts\/912","targetHints":{"allow":["GET"]}}],"collection":[{"href":"https:\/\/19bis.com\/objectbis\/wp-json\/wp\/v2\/posts"}],"about":[{"href":"https:\/\/19bis.com\/objectbis\/wp-json\/wp\/v2\/types\/post"}],"author":[{"embeddable":true,"href":"https:\/\/19bis.com\/objectbis\/wp-json\/wp\/v2\/users\/2"}],"replies":[{"embeddable":true,"href":"https:\/\/19bis.com\/objectbis\/wp-json\/wp\/v2\/comments?post=912"}],"version-history":[{"count":0,"href":"https:\/\/19bis.com\/objectbis\/wp-json\/wp\/v2\/posts\/912\/revisions"}],"wp:attachment":[{"href":"https:\/\/19bis.com\/objectbis\/wp-json\/wp\/v2\/media?parent=912"}],"wp:term":[{"taxonomy":"category","embeddable":true,"href":"https:\/\/19bis.com\/objectbis\/wp-json\/wp\/v2\/categories?post=912"},{"taxonomy":"post_tag","embeddable":true,"href":"https:\/\/19bis.com\/objectbis\/wp-json\/wp\/v2\/tags?post=912"}],"curies":[{"name":"wp","href":"https:\/\/api.w.org\/{rel}","templated":true}]}}