{"id":9719,"date":"2016-04-06T19:39:13","date_gmt":"2016-04-06T17:39:13","guid":{"rendered":"http:\/\/19bis.com\/objectbis\/?p=9719"},"modified":"2016-04-06T19:39:13","modified_gmt":"2016-04-06T17:39:13","slug":"francia-anuncia-pavimentara-1000-km-de-carretera-con-paneles-solares","status":"publish","type":"post","link":"https:\/\/19bis.com\/objectbis\/2016\/04\/06\/articulos-ahorradores-y-usan-energias-alternativas\/francia-anuncia-pavimentara-1000-km-de-carretera-con-paneles-solares\/","title":{"rendered":"Francia anuncia que pavimentar\u00e1 1000 km de carretera con paneles solares"},"content":{"rendered":"<p><img loading=\"lazy\" decoding=\"async\" class=\"aligncenter size-full wp-image-9720\" src=\"http:\/\/19bis.com\/objectbis\/wp-content\/uploads\/2016\/04\/franciasolar.jpg\" alt=\"franciasolar\" width=\"482\" height=\"288\" \/><\/p>\n<p style=\"text-align: justify;\">Ya se ven\u00eda escuchando sobre el concepto de carreteras solares, como\u00a0<a href=\"http:\/\/www.plataformaarquitectura.cl\/cl\/763977\/holanda-estrena-la-primera-ciclovia-solar-del-mundo-que-le-da-energia-a-una-ciudad\" target=\"_blank\">los buenos resultados que ha tenido la ciclov\u00eda solar construida en Holanda<\/a>\u00a0y la intenci\u00f3n de llevar esa tecnolog\u00eda a las carreteras. Siguiendo ese mismo camino, el gobierno franc\u00e9s\u00a0anunci\u00f3 recientemente que instalar\u00e1 paneles fotovoltaicos\u00a0a lo largo de 1000 kil\u00f3metro de carretera en los pr\u00f3ximos 5 a\u00f1os.<!--more--><\/p>\n<p style=\"text-align: justify;\">La idea es que la carretera abastezca de energ\u00eda renovable a 5 millones de personas, es decir, a aproximadamente un 8 por ciento de la poblaci\u00f3n del pa\u00eds.<\/p>\n<p style=\"text-align: justify;\">Esta carretera solar utilizar\u00e1 paneles Wattway, una tecnolog\u00eda fotovoltaica que se dio a conocer en octubre pasado por Colas, la principal empresa de ingenier\u00eda civil de Francia, junto al Instituto Nacional de Energ\u00eda Solar. De acuerdo con S\u00e9gol\u00e8ne Royal, ministro de Ecolog\u00eda y Energ\u00eda franc\u00e9s, el proyecto, al que han llamado \u201cEnerg\u00eda Positiva\u201d, ser\u00e1 financiado con el aumento de los impuestos a los combustibles f\u00f3siles.<\/p>\n<p style=\"text-align: justify;\"><em>\u201cS\u00f3lo 20 m\u00b2 de Wattway pueden producir suficiente electricidad para abastecer a un solo hogar (sin incluir calefacci\u00f3n)\u201d<\/em>, afirman en la empresa Colas.<\/p>\n<p style=\"text-align: justify;\">La idea es llegar tambi\u00e9n con esta tecnolog\u00eda a zonas remotas, donde es dif\u00edcil y costoso hacer llegar electricidad.<\/p>\n<p>V\u00eda:<a href=\"http:\/\/www.plataformaarquitectura.cl\/cl\/783749\/francia-anuncia-que-pavimentara-1000-km-de-carretera-con-paneles-solares\" target=\"_blank\"> plataformaarquitectura<\/a><\/p>\n","protected":false},"excerpt":{"rendered":"<p>Ya se ven\u00eda escuchando sobre el concepto de carreteras solares, como\u00a0los buenos resultados que ha tenido la ciclov\u00eda solar construida en Holanda\u00a0y la intenci\u00f3n de llevar esa tecnolog\u00eda a las carreteras. Siguiendo ese mismo camino, el gobierno franc\u00e9s\u00a0anunci\u00f3 recientemente que instalar\u00e1 paneles fotovoltaicos\u00a0a lo largo de 1000 kil\u00f3metro de carretera en los pr\u00f3ximos 5 a\u00f1os.<a href=\"https:\/\/19bis.com\/objectbis\/francia-anuncia-pavimentara-1000-km-de-carretera-con-paneles-solares\/\" title=\"Continue reading &laquo;Francia anuncia que pavimentar\u00e1 1000 km de carretera con paneles solares&raquo;\" class=\"more-link\">Continue reading &laquo;Francia anuncia que pavimentar\u00e1 1000 km de carretera con paneles solares&raquo;<\/a><\/p>\n","protected":false},"author":2,"featured_media":0,"comment_status":"open","ping_status":"open","sticky":false,"template":"","format":"standard","meta":{"footnotes":""},"categories":[4],"tags":[1882,2594],"class_list":["post-9719","post","type-post","status-publish","format-standard","hentry","category-articulos-ahorradores-y-usan-energias-alternativas","tag-innovacion","tag-paneles-fotovoltaicos","post-preview"],"_links":{"self":[{"href":"https:\/\/19bis.com\/objectbis\/wp-json\/wp\/v2\/posts\/9719","targetHints":{"allow":["GET"]}}],"collection":[{"href":"https:\/\/19bis.com\/objectbis\/wp-json\/wp\/v2\/posts"}],"about":[{"href":"https:\/\/19bis.com\/objectbis\/wp-json\/wp\/v2\/types\/post"}],"author":[{"embeddable":true,"href":"https:\/\/19bis.com\/objectbis\/wp-json\/wp\/v2\/users\/2"}],"replies":[{"embeddable":true,"href":"https:\/\/19bis.com\/objectbis\/wp-json\/wp\/v2\/comments?post=9719"}],"version-history":[{"count":0,"href":"https:\/\/19bis.com\/objectbis\/wp-json\/wp\/v2\/posts\/9719\/revisions"}],"wp:attachment":[{"href":"https:\/\/19bis.com\/objectbis\/wp-json\/wp\/v2\/media?parent=9719"}],"wp:term":[{"taxonomy":"category","embeddable":true,"href":"https:\/\/19bis.com\/objectbis\/wp-json\/wp\/v2\/categories?post=9719"},{"taxonomy":"post_tag","embeddable":true,"href":"https:\/\/19bis.com\/objectbis\/wp-json\/wp\/v2\/tags?post=9719"}],"curies":[{"name":"wp","href":"https:\/\/api.w.org\/{rel}","templated":true}]}}