{"id":994,"date":"2009-01-21T21:44:09","date_gmt":"2009-01-21T15:44:09","guid":{"rendered":"http:\/\/19bis.com\/objectbis\/2009\/01\/21\/arquitectura-ecologica\/telde-gran-canaria-construira-la-primera-guarderia-bioclimatica-de-espana-que-se-levantara-con-material-reciclado\/"},"modified":"2009-01-21T21:44:09","modified_gmt":"2009-01-21T15:44:09","slug":"telde-gran-canaria-construira-la-primera-guarderia-bioclimatica-de-espana-que-se-levantara-con-material-reciclado","status":"publish","type":"post","link":"https:\/\/19bis.com\/objectbis\/2009\/01\/21\/arquitectura-ecologica\/telde-gran-canaria-construira-la-primera-guarderia-bioclimatica-de-espana-que-se-levantara-con-material-reciclado\/","title":{"rendered":"TELDE (GRAN CANARIA) CONSTRUIR\u00c1 LA PRIMERA GUARDER\u00cdA BIOCLIM\u00c1TICA DE ESPA\u00d1A QUE SE LEVANTAR\u00c1 CON MATERIAL RECICLADO"},"content":{"rendered":"<p><a href=\"http:\/\/19bis.com\/objectbis\/wp-content\/uploads\/2009\/01\/juegos.jpg\" title=\"TELDE (GRAN CANARIA) CONSTRUIR\u00c1 LA PRIMERA GUARDER\u00cdA BIOCLIM\u00c1TICA DE ESPA\u00d1A QUE SE LEVANTAR\u00c1 CON MATERIAL RECICLADO\"><\/a><a href=\"http:\/\/19bis.com\/objectbis\/wp-content\/uploads\/2009\/01\/juegos.jpg\" title=\"TELDE (GRAN CANARIA) CONSTRUIR\u00c1 LA PRIMERA GUARDER\u00cdA BIOCLIM\u00c1TICA DE ESPA\u00d1A QUE SE LEVANTAR\u00c1 CON MATERIAL RECICLADO\"><\/a><a href=\"http:\/\/19bis.com\/objectbis\/wp-content\/uploads\/2009\/01\/juegos.jpg\" title=\"TELDE (GRAN CANARIA) CONSTRUIR\u00c1 LA PRIMERA GUARDER\u00cdA BIOCLIM\u00c1TICA DE ESPA\u00d1A QUE SE LEVANTAR\u00c1 CON MATERIAL RECICLADO\"><\/a><\/p>\n<p style=\"text-align: center\"><a href=\"http:\/\/19bis.com\/objectbis\/wp-content\/uploads\/2009\/01\/juegos.jpg\" title=\"TELDE (GRAN CANARIA) CONSTRUIR\u00c1 LA PRIMERA GUARDER\u00cdA BIOCLIM\u00c1TICA DE ESPA\u00d1A QUE SE LEVANTAR\u00c1 CON MATERIAL RECICLADO\"><img decoding=\"async\" src=\"http:\/\/19bis.com\/objectbis\/wp-content\/uploads\/2009\/01\/juegos.thumbnail.jpg\" alt=\"TELDE (GRAN CANARIA) CONSTRUIR\u00c1 LA PRIMERA GUARDER\u00cdA BIOCLIM\u00c1TICA DE ESPA\u00d1A QUE SE LEVANTAR\u00c1 CON MATERIAL RECICLADO\" \/><\/a><\/p>\n<p>\u00a0El Ayuntamiento de Telde ha asegurado que construir\u00e1 la primera escuela infantil bioclim\u00e1tica del pa\u00eds que se construir\u00e1 con materiales reciclados, seg\u00fan inform\u00f3 el Consistorio grancanario en nota de prensa.<\/p>\n<p>\u00a0\u00a0 El alcalde de Telde, Francisco Santiago, y la concejala de Educaci\u00f3n, Carmen Hern\u00e1ndez, presentaron el anteproyecto de la Escuela Infantil de El Caracol que ha sido dise\u00f1ada por el catedr\u00e1tico de la Universidad de Las Palmas de Gran Canaria (ULPGC)\u00a0\u00a0Francisco Mario Hern\u00e1ndez y el arquitecto Premio Canarias y profesor de Arquitectura Pedro N. Romera.<!--more--><\/p>\n<p>\u00a0\u00a0 Esta innovadora escuela infantil responder\u00e1 a las necesidades de los ciudadanos que demandan un mayor n\u00famero de plazas educativas para ni\u00f1os de 0 a 3 a\u00f1os, tal como explic\u00f3 el alcalde, quien matiz\u00f3 adem\u00e1s que la elecci\u00f3n de El Caracol como ubicaci\u00f3n para este proyecto se debe al incremento poblacional en la zona tras la construcci\u00f3n de numerosas viviendas.<\/p>\n<p>\u00a0\u00a0 La futura escuela bioclim\u00e1tica tendr\u00e1 una superficie de 1.000 metros cuadrados sobre una parcela de 2.256 y tiene un presupuesto inicial de 900.000 euros y se construir\u00e1 con materiales prefabricados procedentes de demoliciones, logrando as\u00ed que sea un edificio sostenible desde sus cimientos.<\/p>\n<p>\u00a0\u00a0 Por su parte, la concejala de Educaci\u00f3n explic\u00f3 que el anteproyecto \u00abes el resultado de un a\u00f1o de trabajo y una muestra m\u00e1s del compromiso del grupo de gobierno con la Educaci\u00f3n\u00bb, la edil record\u00f3 que \u00abno es la \u00fanica escuela infantil que se construir\u00e1 en breve en Telde, ya que con dinero del Fondo Estatal de Financiaci\u00f3n Local se levantar\u00e1 otra en Las Huesas\u00bb.<\/p>\n<p>\u00a0\u00a0 En el caso concreto de El Caracol, a\u00f1adi\u00f3, \u00abel edificio en s\u00ed es educativo y est\u00e1 dise\u00f1ado y pensado para que sea un recurso pedag\u00f3gico por s\u00ed mismo y suponga un car\u00e1cter educativo extra ya que el menor va a crecer en un entorno bioclim\u00e1tico que aprovecha la luz, los vientos alisios y es respetuoso con el consumo del agua\u00bb, entre otros aspectos.\u00a0\u00a0<\/p>\n<p>\u00a0\u00a0 Por su parte, Pedro Romera resalt\u00f3 su satisfacci\u00f3n por haber podido trabajar con \u00abuna edificaci\u00f3n tan delicada y compleja que va m\u00e1s all\u00e1 de un mero proyecto arquitect\u00f3nico\u00bb.<\/p>\n<p>\u00a0\u00a0 \u00abEl edificio forma parte de un espacio arquitect\u00f3nico que surge de la l\u00f3gica de los ni\u00f1os, de formas que ellos entienden como agradables. La segunda idea es la sostenibilidad, apunt\u00f3 Romera.<\/p>\n<p>\u00a0\u00a0 Se trata de una edificaci\u00f3n novedosa \u00aben el \u00e1mbito nacional e internacional y que trata de situarse en la vanguardia\u00bb siguiendo siete par\u00e1metros fundamentales y un octavo que es el confort. As\u00ed, se aprovechan todas las energ\u00edas, se recurre al \u00abaire acondicionado gratis que es como llamo a los alisios, se utiliza el agua, la lluvia el sol. Es decir, \u00abse construye sin destruir\u00bb, se\u00f1al\u00f3 el responsable del proyecto.<\/p>\n<p>\u00a0\u00a0 Asimismo, el documento afirma que en el dise\u00f1o se ha intentado comprender las pautas de los comportamientos carentes de utilidad de los ni\u00f1os como una manera de usar la creatividad, donde la forma de construir es una fascinante experiencia visual, que define objetos curvos sin forma predefinida. <a target=\"_blank\" href=\"http:\/\/www.europapress.es\/epsocial\/rsc\/noticia-telde-gran-canaria-construira-primera-guarderia-bioclimatica-espana-levantara-material-reciclado-20090119143059.html\" title=\"europapress\">Seguir leyendo<\/a><\/p>\n<p>V\u00eda: <a target=\"_blank\" href=\"http:\/\/www.europapress.es\/epsocial\/rsc\/noticia-telde-gran-canaria-construira-primera-guarderia-bioclimatica-espana-levantara-material-reciclado-20090119143059.html\" title=\"EUROPA PRESS\">Europa press<\/a><br \/>\nFoto: <a target=\"_blank\" href=\"http:\/\/www.pavimentosonline.com\/hormisa\/images\/juegos%202.JPG\" title=\"pavimentosonline\">pavimentosonline<\/a><\/p>\n","protected":false},"excerpt":{"rendered":"<p>\u00a0El Ayuntamiento de Telde ha asegurado que construir\u00e1 la primera escuela infantil bioclim\u00e1tica del pa\u00eds que se construir\u00e1 con materiales reciclados, seg\u00fan inform\u00f3 el Consistorio grancanario en nota de prensa. \u00a0\u00a0 El alcalde de Telde, Francisco Santiago, y la concejala de Educaci\u00f3n, Carmen Hern\u00e1ndez, presentaron el anteproyecto de la Escuela Infantil de El Caracol que [&hellip;]<a href=\"https:\/\/19bis.com\/objectbis\/telde-gran-canaria-construira-la-primera-guarderia-bioclimatica-de-espana-que-se-levantara-con-material-reciclado\/\" title=\"Continue reading &laquo;TELDE (GRAN CANARIA) CONSTRUIR\u00c1 LA PRIMERA GUARDER\u00cdA BIOCLIM\u00c1TICA DE ESPA\u00d1A QUE SE LEVANTAR\u00c1 CON MATERIAL RECICLADO&raquo;\" class=\"more-link\">Continue reading &laquo;TELDE (GRAN CANARIA) CONSTRUIR\u00c1 LA PRIMERA GUARDER\u00cdA BIOCLIM\u00c1TICA DE ESPA\u00d1A QUE SE LEVANTAR\u00c1 CON MATERIAL RECICLADO&raquo;<\/a><\/p>\n","protected":false},"author":2,"featured_media":0,"comment_status":"open","ping_status":"open","sticky":false,"template":"","format":"standard","meta":{"footnotes":""},"categories":[3,10],"tags":[1170,1290,1300,1447,2237,2808],"class_list":["post-994","post","type-post","status-publish","format-standard","hentry","category-arquitectura-ecologica","category-eco-noticias","tag-diseno-ecologico","tag-ecodesign","tag-ecodiseno","tag-escuela-infantil-bioclimatica","tag-material-reciclado","tag-primera-guarderia-bioclimatica","post-preview"],"_links":{"self":[{"href":"https:\/\/19bis.com\/objectbis\/wp-json\/wp\/v2\/posts\/994","targetHints":{"allow":["GET"]}}],"collection":[{"href":"https:\/\/19bis.com\/objectbis\/wp-json\/wp\/v2\/posts"}],"about":[{"href":"https:\/\/19bis.com\/objectbis\/wp-json\/wp\/v2\/types\/post"}],"author":[{"embeddable":true,"href":"https:\/\/19bis.com\/objectbis\/wp-json\/wp\/v2\/users\/2"}],"replies":[{"embeddable":true,"href":"https:\/\/19bis.com\/objectbis\/wp-json\/wp\/v2\/comments?post=994"}],"version-history":[{"count":0,"href":"https:\/\/19bis.com\/objectbis\/wp-json\/wp\/v2\/posts\/994\/revisions"}],"wp:attachment":[{"href":"https:\/\/19bis.com\/objectbis\/wp-json\/wp\/v2\/media?parent=994"}],"wp:term":[{"taxonomy":"category","embeddable":true,"href":"https:\/\/19bis.com\/objectbis\/wp-json\/wp\/v2\/categories?post=994"},{"taxonomy":"post_tag","embeddable":true,"href":"https:\/\/19bis.com\/objectbis\/wp-json\/wp\/v2\/tags?post=994"}],"curies":[{"name":"wp","href":"https:\/\/api.w.org\/{rel}","templated":true}]}}